{"id":67032,"date":"2017-08-30T06:00:41","date_gmt":"2017-08-30T09:00:41","guid":{"rendered":"http:\/\/argentinamunicipal.com.ar\/argentina\/?p=67032"},"modified":"2017-08-30T08:05:30","modified_gmt":"2017-08-30T11:05:30","slug":"la-suba-la-demanda-social-rio-cuarto-refuerzan-partidas-2-millones","status":"publish","type":"post","link":"http:\/\/argentinamunicipal.com.ar\/argentina\/la-suba-la-demanda-social-rio-cuarto-refuerzan-partidas-2-millones\/","title":{"rendered":"Por la suba de la demanda social en R\u00edo Cuarto, refuerzan partidas en 2 millones"},"content":{"rendered":"<p>En lo que va del a\u00f1o, la ayuda creci\u00f3 en un 25%. El Municipio no s\u00f3lo asiste en materia alimenticia sino tambi\u00e9n con el pago de las boletas de gas y luz. Los fondos estar\u00e1n disponibles desde septiembre<\/p>\n<p>Por el crecimiento de la demanda social en la ciudad, en el orden del 25 por ciento en lo que va del a\u00f1o, el Municipio dispuso reforzar las partidas sociales en $ 2 millones a partir de septiembre pr\u00f3ximo.<\/p>\n<p>Este refuerzo se suma al 64 por ciento de aumento del presupuesto en esa materia, informaron ayer fuentes oficiales.<\/p>\n<p>El incremento de la demanda no s\u00f3lo se traduce en t\u00e9rminos de alimentos sino tambi\u00e9n en el pago de las boletas de gas y luz.<\/p>\n<p>\u201cEn lo social, las demandas son diversas y complejas. Sin embargo, como Municipio nos hacemos cargo de esta situaci\u00f3n que responde a una cuesti\u00f3n macroecon\u00f3mica\u201d, dijo el subsecretario de Desarrollo Social, Pablo Bertea.<\/p>\n<p>Y a\u00f1adi\u00f3: \u201cHay demanda de alimentos. Pero tambi\u00e9n tenemos problemas con el aumento de las tarifas que se sienten en los sectores m\u00e1s vulnerables. Y los alquileres tambi\u00e9n se han disparado\u201d.<\/p>\n<p>-\u00bfDe cu\u00e1nto es el crecimiento de la demanda hoy?<br \/>\n-Del 25 por ciento.<\/p>\n<p>En el marco de este contexto, el gobierno local decidi\u00f3 agregar a partir de septiembre una partida de $ 2 millones, adem\u00e1s del aumento presupuestario del 64 por ciento.<\/p>\n<p>En otro orden, se dieron a conocer ayer los festejos por los 10 a\u00f1os del Centro Integrador Comunitario (CIC) de barrio Obrero.<\/p>\n<p>Seg\u00fan se dio a conocer, m\u00e1s de 200 personas concurren a dicho centro de contenci\u00f3n.<\/p>\n<p>En la ocasi\u00f3n, Bertea se\u00f1al\u00f3 que \u201cel CIC es un espacio de contenci\u00f3n social que tiene el objetivo de asistir a las familias del sector\u201d.<\/p>\n<p>\u201cUn grupo de profesionales de diversas disciplinas realizan tareas de contenci\u00f3n con los chicos del barrio. En el lugar los ni\u00f1os participan de actividades educativas, culturales, recreativas y deportivas. Todas son gratuitas\u201d, inform\u00f3.<\/p>\n<p>Adem\u00e1s, en el CIC tambi\u00e9n funciona la escuela primaria y secundaria para adultos, el jard\u00edn maternal de doble turno para menores de 5 a\u00f1os y el Dispensario 11 que asiste sanitariamente a todo el sector.<\/p>\n<p>En paralelo, el Vivero \u201cLa Minga\u201d es mantenido por j\u00f3venes del barrio, quienes producen plantines de flores y hortalizas durante todo el a\u00f1o.<\/p>\n<p>De la presentaci\u00f3n tambi\u00e9n participaron el coordinador de los Centros Comunitarios, Mart\u00edn Gramajo, y la coordinadora general del CIC, Cynthia Lubary, quien inform\u00f3 que \u201cm\u00e1s de 200 personas por d\u00eda asisten al centro integrador para participar de alguna de las actividades\u201d.<\/p>\n<p>Y finaliz\u00f3: \u201cEs un espacio empoderado por los vecinos que crece en forma grupal gracias a la participaci\u00f3n de todo el barrio\u201d.<\/p>\n<p>En el marco de los festejos, va a haber muestra de talleres, espect\u00e1culos infantiles y la actuaci\u00f3n de la Murga Mulato Mul\u00e9, el Instituto de los Hermanos \u00c1balos y Ezequiel Pedraza.<\/p>\n<h6>Fuente: Puntal<\/h6>\n","protected":false},"excerpt":{"rendered":"<p>En lo que va del a\u00f1o, la ayuda creci\u00f3 en un 25%. El Municipio no s\u00f3lo asiste en materia alimenticia sino tambi\u00e9n con el pago de las boletas de gas y luz. Los fondos estar\u00e1n disponibles desde septiembre<\/p>\n","protected":false},"author":2,"featured_media":67033,"comment_status":"closed","ping_status":"closed","sticky":false,"template":"","format":"standard","meta":{"footnotes":""},"categories":[2],"tags":[3],"class_list":["post-67032","post","type-post","status-publish","format-standard","has-post-thumbnail","hentry","category-informe-municipal","tag-cordoba"],"_links":{"self":[{"href":"http:\/\/argentinamunicipal.com.ar\/argentina\/wp-json\/wp\/v2\/posts\/67032","targetHints":{"allow":["GET"]}}],"collection":[{"href":"http:\/\/argentinamunicipal.com.ar\/argentina\/wp-json\/wp\/v2\/posts"}],"about":[{"href":"http:\/\/argentinamunicipal.com.ar\/argentina\/wp-json\/wp\/v2\/types\/post"}],"author":[{"embeddable":true,"href":"http:\/\/argentinamunicipal.com.ar\/argentina\/wp-json\/wp\/v2\/users\/2"}],"replies":[{"embeddable":true,"href":"http:\/\/argentinamunicipal.com.ar\/argentina\/wp-json\/wp\/v2\/comments?post=67032"}],"version-history":[{"count":0,"href":"http:\/\/argentinamunicipal.com.ar\/argentina\/wp-json\/wp\/v2\/posts\/67032\/revisions"}],"wp:featuredmedia":[{"embeddable":true,"href":"http:\/\/argentinamunicipal.com.ar\/argentina\/wp-json\/wp\/v2\/media\/67033"}],"wp:attachment":[{"href":"http:\/\/argentinamunicipal.com.ar\/argentina\/wp-json\/wp\/v2\/media?parent=67032"}],"wp:term":[{"taxonomy":"category","embeddable":true,"href":"http:\/\/argentinamunicipal.com.ar\/argentina\/wp-json\/wp\/v2\/categories?post=67032"},{"taxonomy":"post_tag","embeddable":true,"href":"http:\/\/argentinamunicipal.com.ar\/argentina\/wp-json\/wp\/v2\/tags?post=67032"}],"curies":[{"name":"wp","href":"https:\/\/api.w.org\/{rel}","templated":true}]}}