{"id":67035,"date":"2017-08-30T08:13:53","date_gmt":"2017-08-30T11:13:53","guid":{"rendered":"http:\/\/argentinamunicipal.com.ar\/argentina\/?p=67035"},"modified":"2017-08-30T08:13:53","modified_gmt":"2017-08-30T11:13:53","slug":"quieren-captar-30-millones-empresas-programas-sociales-cordoba","status":"publish","type":"post","link":"http:\/\/argentinamunicipal.com.ar\/argentina\/quieren-captar-30-millones-empresas-programas-sociales-cordoba\/","title":{"rendered":"Quieren captar $ 30 millones de empresas para programas sociales en C\u00f3rdoba"},"content":{"rendered":"<p>Se pone en marcha el programa Ayudar, de cofinanciamiento p\u00fablico-privado de proyectos solidarios en C\u00f3rdoba. Lo administrar\u00e1 el Consejo de Pol\u00edticas Sociales. La Provincia aportar\u00e1 25 millones.<br \/>\nPor medio de un fondo que va a administrar el Consejo Provincial de Pol\u00edticas Sociales, se buscar\u00e1 captar antes de fin de a\u00f1o m\u00e1s de 30 millones de pesos de filantrop\u00eda y responsabilidad social empresarial para financiar proyectos solidarios.<\/p>\n<p>La semana pr\u00f3xima se reunir\u00e1 el Consejo, integrado por representantes del Ministerio de\u00a0Desarrollo Social de la Provincia\u00a0y de la Secretar\u00eda de Equidad y Promoci\u00f3n del Empleo, un miembro del\u00a0Comipaz\u00a0y otro de la Iglesia Cat\u00f3lica, un referente sindical, uno por las c\u00e1maras empresariales, otro por fundaciones de empresas, un delegado de universidades p\u00fablicas y privadas y otro por las asociaciones civiles. La intenci\u00f3n del ministro de Desarrollo Social, Sergio Tocalli, es que de esa reuni\u00f3n salgan definiciones para lanzar la primera convocatoria de proyectos en septiembre.<\/p>\n<p>La\u00a0Provincia\u00a0ya reserv\u00f3 hasta 25 millones de pesos para cofinanciar proyectos. Seg\u00fan la reglamentaci\u00f3n del Fondo Ayudar, el Estado aportar\u00e1 hasta el 45 por ciento de cada programa. El resto tendr\u00e1 que venir de aportes de fundaciones o empresas, que recibir\u00e1n a cambio una certificaci\u00f3n oficial del aporte solidario. De respetar la relaci\u00f3n por el 100 por ciento del aporte estatal, los privados tendr\u00e1n que aportar 35 millones de pesos.<\/p>\n<p>Este certificado, seg\u00fan el texto de la ley 9.991, le permitir\u00eda acceder a prioridad en el acceso de cr\u00e9ditos a tasa preferencial del Banco de C\u00f3rdoba y sumar\u00eda puntos para conseguir ser proveedor del Estado, en tanto ese aporte puede contabilizar en el sistema de evaluaci\u00f3n de contratistas en el \u00edtem de Responsabilidad Social Empresaria (RSE). \u201cLo m\u00e1s importante es destacar la voluntad solidaria, darle visibilidad y reconocimiento\u201d, prefiere Tocalli.<\/p>\n<p>El Consejo tiene que definir los temas prioritarios y establecer el mecanismo que se utilizar\u00e1 para evaluarlos y asignarles recursos. Tocalli lleva a la reuni\u00f3n su propuesta: apoyar proyectos generadores de empleo.<\/p>\n<p>El Fondo Ayudar naci\u00f3 en 2011, pero nunca lleg\u00f3 a ser aplicado. Era parte del Sistema Provincial de Promoci\u00f3n en Red de la Solidaridad Social, creado por ley, pero reci\u00e9n reglamentado este a\u00f1o. En un inicio, la Provincia hab\u00eda previsto una banda de financiamiento que iba de un piso de 20 millones de pesos anuales a un tope de 2,5 por ciento del presupuesto de Desarrollo Social.<\/p>\n<p>Luis Ulla, director de Investigaci\u00f3n y Desarrollo del Instituto Argentino de la Responsabilidad Social Empresaria (Iarse), advirti\u00f3 que el proyecto se para sobre una concepci\u00f3n anticuada de la RSE que la emparenta con la filantrop\u00eda, cuando la visi\u00f3n actual del tema apunta a la forma en la que una empresa hace el dinero y crea valores. \u201cUna empresa es socialmente responsable cuando gana dinero y mientras lo hace genera valores m\u00e1s all\u00e1 de lo econ\u00f3mico, como valores ambientales, sociales o educativos, o por el contrario, no es responsable cuando los destruye mientras procura generar ganancias\u201d, explic\u00f3 Ulla.<\/p>\n<p>Para el especialista, el proyecto presenta varios interrogantes y para las empresas es muy dif\u00edcil pararse en igualdad de condiciones con el Estado para intervenir y evaluar el impacto de un programa social. \u201cSon muy pocas las empresas en C\u00f3rdoba que cuentan con equipos t\u00e9cnicos que podr\u00edan evaluar la eficacia de un programa social. Fundaci\u00f3n Arcor, Fundaci\u00f3n Holcim y Tarjeta Naranja, por caso, pero muy pocas m\u00e1s\u201d, confi\u00f3.<\/p>\n<p>Para Ulla, adem\u00e1s, es poco recomendable el sistema de puntajes por aportes, puesto que puede enmascarar una forma poco transparente de acceder a negocios con el Estado.<\/p>\n<h6>Fuente: La Voz<\/h6>\n","protected":false},"excerpt":{"rendered":"<p>Se pone en marcha el programa Ayudar, de cofinanciamiento p\u00fablico-privado de proyectos solidarios en C\u00f3rdoba. Lo administrar\u00e1 el Consejo de Pol\u00edticas Sociales. La Provincia aportar\u00e1 25 millones.<\/p>\n","protected":false},"author":2,"featured_media":67036,"comment_status":"closed","ping_status":"closed","sticky":false,"template":"","format":"standard","meta":{"footnotes":""},"categories":[65],"tags":[3],"class_list":["post-67035","post","type-post","status-publish","format-standard","has-post-thumbnail","hentry","category-provincias","tag-cordoba"],"_links":{"self":[{"href":"http:\/\/argentinamunicipal.com.ar\/argentina\/wp-json\/wp\/v2\/posts\/67035","targetHints":{"allow":["GET"]}}],"collection":[{"href":"http:\/\/argentinamunicipal.com.ar\/argentina\/wp-json\/wp\/v2\/posts"}],"about":[{"href":"http:\/\/argentinamunicipal.com.ar\/argentina\/wp-json\/wp\/v2\/types\/post"}],"author":[{"embeddable":true,"href":"http:\/\/argentinamunicipal.com.ar\/argentina\/wp-json\/wp\/v2\/users\/2"}],"replies":[{"embeddable":true,"href":"http:\/\/argentinamunicipal.com.ar\/argentina\/wp-json\/wp\/v2\/comments?post=67035"}],"version-history":[{"count":0,"href":"http:\/\/argentinamunicipal.com.ar\/argentina\/wp-json\/wp\/v2\/posts\/67035\/revisions"}],"wp:featuredmedia":[{"embeddable":true,"href":"http:\/\/argentinamunicipal.com.ar\/argentina\/wp-json\/wp\/v2\/media\/67036"}],"wp:attachment":[{"href":"http:\/\/argentinamunicipal.com.ar\/argentina\/wp-json\/wp\/v2\/media?parent=67035"}],"wp:term":[{"taxonomy":"category","embeddable":true,"href":"http:\/\/argentinamunicipal.com.ar\/argentina\/wp-json\/wp\/v2\/categories?post=67035"},{"taxonomy":"post_tag","embeddable":true,"href":"http:\/\/argentinamunicipal.com.ar\/argentina\/wp-json\/wp\/v2\/tags?post=67035"}],"curies":[{"name":"wp","href":"https:\/\/api.w.org\/{rel}","templated":true}]}}