{"id":67038,"date":"2017-08-30T08:16:42","date_gmt":"2017-08-30T11:16:42","guid":{"rendered":"http:\/\/argentinamunicipal.com.ar\/argentina\/?p=67038"},"modified":"2017-08-30T08:16:42","modified_gmt":"2017-08-30T11:16:42","slug":"prometen-regularizar-3600-familias-neuquinas-2-anos","status":"publish","type":"post","link":"http:\/\/argentinamunicipal.com.ar\/argentina\/prometen-regularizar-3600-familias-neuquinas-2-anos\/","title":{"rendered":"Prometen regularizar a 3600 familias neuquinas en 2 a\u00f1os"},"content":{"rendered":"<p>El Municipio dice que cuenta con fondos de Naci\u00f3n.<\/p>\n<p>La subsecretaria municipal de Tierras, Lilian Zambrano, prometi\u00f3 ayer que antes de 2019 terminar\u00e1 de regularizar 15\u00a0tomas, donde viven 3603 familias, un 42% del total de ocupantes de la ciudad. Indic\u00f3 que la comuna viene trabajando en los asentamientos al margen de la unidad intersectorial que se cre\u00f3 por ordenanza, gracias a fondos que consiguieron de Naci\u00f3n.<br \/>\nZambrano reconoci\u00f3 que la Unidad de Gesti\u00f3n para la Regularizaci\u00f3n de Asentamientos (UGRA), creada en 2014, avanza a paso lento y adjudic\u00f3 esto a una falta de \u201ccolaboraci\u00f3n\u201d desde Provincia (ver aparte). Confirm\u00f3 que ese organismo es el \u00fanico que puede blanquear las tomas, pero aclar\u00f3 que el Municipio empez\u00f3 un trabajo \u201cen paralelo\u201d, gracias a fondos que consiguieron del Programa de Mejoramiento Barrial (Promeba).<\/p>\n<p>Los fondos del Promeba se est\u00e1n usando para conexiones de servicios b\u00e1sicos, estudios ambientales, obras de desarrollo humano y regularizaci\u00f3n dominial en 15 asentamientos: Yupanqui, Espartaco, Arias, Pac\u00edfica, Juvenil y El Morro, del barrio Islas Malvinas; Paim\u00fan, Tres Arroyos, La Amistad y Despo, de Confluencia; Huertas Comunitarias, Puerto Argentino y Monte Sina\u00ed, de Villa Ceferino; m\u00e1s Huertas PIN y El Tanque, de Parque Industrial.<\/p>\n<p>Zambrano indic\u00f3 que, seg\u00fan los convenios firmados con Naci\u00f3n, la regularizaci\u00f3n de esos sectores debe concluir para fines de 2018. Agreg\u00f3 que son en total 3603 familias, porque se trata de tomas \u201cque concentran mayor poblaci\u00f3n\u201d.<\/p>\n<p>En Neuqu\u00e9n capital, la estimaci\u00f3n de la UGRA es que hay 8500 familias distribuidas en 46 asentamientos. Si Zambrano cumple con su compromiso, habr\u00e1 regularizado al 42% de los ocupantes de tomas de la ciudad en tiempo r\u00e9cord.<\/p>\n<p>La funcionaria cont\u00f3 que el Municipio consigui\u00f3 el visto bueno de Naci\u00f3n para los cr\u00e9ditos a fines de 2016 y decidi\u00f3 aprovechar la oportunidad. Explic\u00f3 que no incluyeron esos fondos dentro de la UGRA porque \u201cno vas a perder la posibilidad de acceder a una financiaci\u00f3n que se planteaba con inmediatez por mirar eso, ser\u00eda poco eficiente\u201d. Se\u00f1al\u00f3 que el gobierno provincial est\u00e1 haciendo lo mismo con otros pr\u00e9stamos que obtuvo por su cuenta. Recalc\u00f3 que, cuando la UGRA trabaje sobre las tomas incluidas en el Promeba, \u201ccomo ya vamos a tener los planes de acci\u00f3n, va a ser mucho m\u00e1s f\u00e1cil sacarlas\u201d. Sin embargo, dijo que no puede asegurar que las ordenanzas para oficializar esos 15 sectores se aprueben tambi\u00e9n para 2019.<\/p>\n<p>Inform\u00f3 que el Municipio present\u00f3 ante Naci\u00f3n, para una segunda etapa del Promeba, los proyectos de regularizaci\u00f3n de nueve tomas m\u00e1s: Argentina, Morro Pac\u00edfico, Alto Godoy, 26 de Agosto, La Laguna, Ca\u00f1ad\u00f3n Hibepa, Estrella Federal y L\u00ednea Alta Tensi\u00f3n. A\u00f1adi\u00f3 que totalizan 752 familias, porque se trata de sectores m\u00e1s peque\u00f1os.<\/p>\n<p>Seg\u00fan las estimaciones municipales, para 2019 tendr\u00e1n un total de 15 tomas urbanizadas.<\/p>\n<p>35 asentamientos<\/p>\n<p>Son los que quedar\u00edan pendientes si se cumplieran los plazos previstos para este a\u00f1o.<\/p>\n<p>Tanto la Provincia como el Municipio trabajan para regularizar cada uno de los barrios que comenzaron como tomas.<\/p>\n<p>Aseguran que no se demuestra demasiado inter\u00e9s<\/p>\n<p>La funcionaria municipal Lilian Zambrano, coordinadora de la UGRA, reconoci\u00f3 ayer que el organismo funciona \u201ccon inconvenientes\u201d porque varias dependencias provinciales que integran la mesa \u201cno est\u00e1n prestando tanta colaboraci\u00f3n\u201d.<\/p>\n<p>Record\u00f3: \u201cPusimos much\u00edsimo empe\u00f1o en que esto funcione y de hecho en 2015 y 2016 funcion\u00f3 perfecto, pero este a\u00f1o estamos complicados\u201d.<\/p>\n<p>Agreg\u00f3 que se volver\u00e1 a agilizar el ritmo de trabajo \u201cen la medida en que podamos lograr que los organismos est\u00e9n presentes y no quede todo en una cosa meramente ret\u00f3rica\u201d.<\/p>\n<p>\u201cEst\u00e1 a disposici\u00f3n el libro de asistencias que lleva la UGRA, donde las reuniones se hacen y hay muchas inasistencias, con lo cual es dif\u00edcil que est\u00e9n al tanto del trabajo que se est\u00e1 haciendo\u201d, explic\u00f3. La funcionaria municipal indic\u00f3: \u201cLa unidad cuenta con tiempos administrativos y de gesti\u00f3n de otros organismos como Recursos H\u00eddricos, EPAS, CALF e IPVU, que para el caso no han sido siempre expeditivos\u201d.<\/p>\n<p>Por este motivo es que el Municipio decidi\u00f3 avanzar de manera independiente para no sufrir esas demoras.<\/p>\n<h6>Fuente: La Ma\u00f1ana Neuqu\u00e9n<\/h6>\n","protected":false},"excerpt":{"rendered":"<p>El Municipio dice que cuenta con fondos de Naci\u00f3n.<\/p>\n","protected":false},"author":2,"featured_media":67039,"comment_status":"closed","ping_status":"closed","sticky":false,"template":"","format":"standard","meta":{"footnotes":""},"categories":[2],"tags":[23],"class_list":["post-67038","post","type-post","status-publish","format-standard","has-post-thumbnail","hentry","category-informe-municipal","tag-neuquen"],"_links":{"self":[{"href":"http:\/\/argentinamunicipal.com.ar\/argentina\/wp-json\/wp\/v2\/posts\/67038","targetHints":{"allow":["GET"]}}],"collection":[{"href":"http:\/\/argentinamunicipal.com.ar\/argentina\/wp-json\/wp\/v2\/posts"}],"about":[{"href":"http:\/\/argentinamunicipal.com.ar\/argentina\/wp-json\/wp\/v2\/types\/post"}],"author":[{"embeddable":true,"href":"http:\/\/argentinamunicipal.com.ar\/argentina\/wp-json\/wp\/v2\/users\/2"}],"replies":[{"embeddable":true,"href":"http:\/\/argentinamunicipal.com.ar\/argentina\/wp-json\/wp\/v2\/comments?post=67038"}],"version-history":[{"count":0,"href":"http:\/\/argentinamunicipal.com.ar\/argentina\/wp-json\/wp\/v2\/posts\/67038\/revisions"}],"wp:featuredmedia":[{"embeddable":true,"href":"http:\/\/argentinamunicipal.com.ar\/argentina\/wp-json\/wp\/v2\/media\/67039"}],"wp:attachment":[{"href":"http:\/\/argentinamunicipal.com.ar\/argentina\/wp-json\/wp\/v2\/media?parent=67038"}],"wp:term":[{"taxonomy":"category","embeddable":true,"href":"http:\/\/argentinamunicipal.com.ar\/argentina\/wp-json\/wp\/v2\/categories?post=67038"},{"taxonomy":"post_tag","embeddable":true,"href":"http:\/\/argentinamunicipal.com.ar\/argentina\/wp-json\/wp\/v2\/tags?post=67038"}],"curies":[{"name":"wp","href":"https:\/\/api.w.org\/{rel}","templated":true}]}}