{"id":67047,"date":"2017-08-30T08:33:47","date_gmt":"2017-08-30T11:33:47","guid":{"rendered":"http:\/\/argentinamunicipal.com.ar\/argentina\/?p=67047"},"modified":"2017-08-30T08:33:47","modified_gmt":"2017-08-30T11:33:47","slug":"este-miercoles-gobierno-girara-los-municipios-entrerrianos-casi-200-millones-pesos","status":"publish","type":"post","link":"http:\/\/argentinamunicipal.com.ar\/argentina\/este-miercoles-gobierno-girara-los-municipios-entrerrianos-casi-200-millones-pesos\/","title":{"rendered":"Este mi\u00e9rcoles el Gobierno girar\u00e1 a los municipios entrerrianos casi 200 millones de pesos\u00a0"},"content":{"rendered":"<p>El Gobierno de Entre R\u00edos girar\u00e1 a los municipios de la provincia casi 200 millones de pesos correspondientes al Fondo de Garant\u00eda para mayo y junio \u2022 La operaci\u00f3n se llevar\u00e1 a cabo este mi\u00e9rcoles y se produce dentro de los plazos fijados por la legislaci\u00f3n<\/p>\n<p>El pago en tiempo y forma del Fondo de Garant\u00eda se produce en el marco de una pol\u00edtica que apunta al \u201ccuidado tanto de las cuentas fiscales, como a procurar una mejora en la composici\u00f3n del gasto\u201d, explic\u00f3 el secretario de Hacienda, Gustavo Labriola.<\/p>\n<p>Para ello \u201cse tomaron medidas de austeridad por un lado, con pol\u00edticas sanas desde el punto de vista salarial, y tambi\u00e9n una mejor composici\u00f3n de la estructura de deuda, lo que hace que de alguna manera se reduzca el componente financiero de los gastos\u201d, detall\u00f3 el funcionario.<\/p>\n<p>En ese marco, Labriola inform\u00f3 que este mi\u00e9rcoles 30 de agosto \u201cse va a abonar el importe correspondiente a los meses de mayo y junio del 2017 del Fondo de Garant\u00eda establecido en la Constituci\u00f3n Provincial, y que representa para la totalidad de los municipios 198.083.845 pesos\u201d.<\/p>\n<p>\u201cDe acuerdo a las normas vigentes, se tiene que pagar dentro de los 60 d\u00edas, con lo cual se est\u00e1 cumpliendo en tiempo y forma, como lo venimos haciendo desde el inicio de la gesti\u00f3n\u201d, destac\u00f3 Labriola y remarc\u00f3 que esto \u201cpermite a los municipios contar con recursos leg\u00edtimos y con la previsibilidad que eso significa\u201d.<\/p>\n<p>Por otra parte, el titular de la Secretar\u00eda de Hacienda explic\u00f3 que el importe del Fondo de Garant\u00eda se obtiene de impuestos nacionales y provinciales, y que \u201cse distribuye de acuerdo a los \u00edndices de coparticipaci\u00f3n que tienen los municipios, sin ning\u00fan tipo de discriminaci\u00f3n pol\u00edtica\u201d.<\/p>\n<p>Adem\u00e1s, record\u00f3 que en el 2016 el gobernador Gustavo Bordet \u201cfue pagando en tiempo y forma lo que correspond\u00eda a cada uno de los vencimientos, incluyendo la regularizaci\u00f3n de seis meses que hab\u00eda adeudados al inicio de la gesti\u00f3n\u201d, por lo que \u201cya este a\u00f1o se est\u00e1 cumpliendo en los tiempos legales\u201d, acot\u00f3.<\/p>\n<p>\u201cIncluso en meses que no han sido f\u00e1ciles, y que ha habido resentimiento de recaudaci\u00f3n, nos preocupamos siempre por cumplir con el pago de este Fondo de Garant\u00edas y cosa que se vuelve a materializar ahora\u201d, se\u00f1al\u00f3.<\/p>\n<p>En ese sentido, Labriola hizo referencia a la diversidad de municipios de la provincia \u201cque tienen distinto signo pol\u00edtico y que sin embargo siempre han tenido una misma respuesta por parte de la gesti\u00f3n, del gobernador y cada uno de sus funcionarios\u201d.<\/p>\n<p>\u201cNo ha habido ning\u00fan tipo de discriminaci\u00f3n, sino todo lo contrario. Siempre hay predisposici\u00f3n, un acercamiento igualitario con cada uno de los intendentes que excede al solo cumplimiento de pagar en tiempo y forma el Fondo de Garant\u00eda. Va a todas las aristas de lo que es la gesti\u00f3n\u201d, analiz\u00f3 el Secretario de Hacienda.<\/p>\n<p>Por \u00faltimo Labriola, hizo referencia a la situaci\u00f3n generada por la disminuci\u00f3n de impuestos coparticipables y la reducci\u00f3n de la actividad econ\u00f3mica que \u201ctambi\u00e9n ha significado una reducci\u00f3n de recursos, tanto los que son impuestos coparticipados nacionales, como los que directamente recauda la provincia\u201d.<\/p>\n<p>\u201cEso fundamentalmente ha hecho que se tenga que ser muy cuidadoso con el gasto, tener la evoluci\u00f3n del gasto con mucha responsabilidad por parte de todos los organismos y ministerios, y fundamentalmente lo que se ha procurado es ir reduciendo el d\u00e9ficit, cosa que se viene logrando\u201d, puntualiz\u00f3.<\/p>\n<p>Como \u201ccompensaci\u00f3n respecto de esa merma\u201d, Labriola destac\u00f3 las pol\u00edticas que se viene dando la provincia, como \u201cuna acci\u00f3n m\u00e1s efectiva por parte de ATER\u201d, dijo y se\u00f1al\u00f3 que \u201cel a\u00f1o pasado hubo una moratoria que fue muy importante\u201d, y que \u201ca partir de la modificaci\u00f3n de normas y mediante la universalizaci\u00f3n de los sujetos de retenci\u00f3n, logramos que ATER mejore significativamente sus ingresos, lo que se suma a la restituci\u00f3n paulatina del 15 por ciento de la coparticipaci\u00f3n nacional\u201d.<\/p>\n<p>\u201cTodo eso, contribuye para aliviar un poco la merma que se hab\u00eda producido por las normas y por la reducci\u00f3n de la actividad econ\u00f3mica misma en los impuestos nacionales y provinciales\u201d, concluy\u00f3 Labriola.<\/p>\n<p>Fuente: APFDigital<\/p>\n","protected":false},"excerpt":{"rendered":"<p>El Gobierno de Entre R\u00edos girar\u00e1 a los municipios de la provincia casi 200 millones de pesos correspondientes al Fondo de Garant\u00eda para mayo y junio<\/p>\n","protected":false},"author":2,"featured_media":67048,"comment_status":"closed","ping_status":"closed","sticky":false,"template":"","format":"standard","meta":{"footnotes":""},"categories":[5],"tags":[17],"class_list":["post-67047","post","type-post","status-publish","format-standard","has-post-thumbnail","hentry","category-informe-economico","tag-entre-rios"],"_links":{"self":[{"href":"http:\/\/argentinamunicipal.com.ar\/argentina\/wp-json\/wp\/v2\/posts\/67047","targetHints":{"allow":["GET"]}}],"collection":[{"href":"http:\/\/argentinamunicipal.com.ar\/argentina\/wp-json\/wp\/v2\/posts"}],"about":[{"href":"http:\/\/argentinamunicipal.com.ar\/argentina\/wp-json\/wp\/v2\/types\/post"}],"author":[{"embeddable":true,"href":"http:\/\/argentinamunicipal.com.ar\/argentina\/wp-json\/wp\/v2\/users\/2"}],"replies":[{"embeddable":true,"href":"http:\/\/argentinamunicipal.com.ar\/argentina\/wp-json\/wp\/v2\/comments?post=67047"}],"version-history":[{"count":0,"href":"http:\/\/argentinamunicipal.com.ar\/argentina\/wp-json\/wp\/v2\/posts\/67047\/revisions"}],"wp:featuredmedia":[{"embeddable":true,"href":"http:\/\/argentinamunicipal.com.ar\/argentina\/wp-json\/wp\/v2\/media\/67048"}],"wp:attachment":[{"href":"http:\/\/argentinamunicipal.com.ar\/argentina\/wp-json\/wp\/v2\/media?parent=67047"}],"wp:term":[{"taxonomy":"category","embeddable":true,"href":"http:\/\/argentinamunicipal.com.ar\/argentina\/wp-json\/wp\/v2\/categories?post=67047"},{"taxonomy":"post_tag","embeddable":true,"href":"http:\/\/argentinamunicipal.com.ar\/argentina\/wp-json\/wp\/v2\/tags?post=67047"}],"curies":[{"name":"wp","href":"https:\/\/api.w.org\/{rel}","templated":true}]}}