{"id":67050,"date":"2017-08-30T05:39:04","date_gmt":"2017-08-30T08:39:04","guid":{"rendered":"http:\/\/argentinamunicipal.com.ar\/argentina\/?p=67050"},"modified":"2017-08-30T08:41:31","modified_gmt":"2017-08-30T11:41:31","slug":"feliciano-comenzaron-las-clases-del-secundario-empleados-municipales","status":"publish","type":"post","link":"http:\/\/argentinamunicipal.com.ar\/argentina\/feliciano-comenzaron-las-clases-del-secundario-empleados-municipales\/","title":{"rendered":"En Feliciano comenzaron las clases del secundario para empleados municipales\u00a0"},"content":{"rendered":"<p>En el marco del convenio firmado entre la intendenta de Feliciano, Silvia Moreno y el presidente del Consejo General de Educaci\u00f3n (CGE), Jos\u00e9 Luis Panozzo, los empleados municipales tendr\u00e1n la posibilidad de terminar sus estudios secundarios<\/p>\n<p>Por este motivo, la semana pasada en las instalaciones del N\u00facleo de Acceso al Conocimiento (NAC), se realiz\u00f3 la primera reuni\u00f3n, en la que estuvieron presentes los coordinadores del Centro Educativo, Exequiel Vega y de la Departamental de J\u00f3venes y Adultos Marisa Leites; la supervisora de Adultos, Prof. Cristina Saucedo, adem\u00e1s de los profesores de la entidad y los alumnos.<\/p>\n<p>Cabe se\u00f1alar que en dicho encuentro se concretaron las presentaciones pertinentes, se evacuaron dudas y se realizaron consultas, de cara al inicio del cursado que se desarroll\u00f3 esta semana en el edificio de la Escuela N\u00ba 26, inform\u00f3 El Observador del Litoral.<\/p>\n<h6>Fuente: APFDigital<\/h6>\n","protected":false},"excerpt":{"rendered":"<p>En el marco del convenio firmado entre la intendenta de Feliciano, Silvia Moreno y el presidente del Consejo General de Educaci\u00f3n (CGE), Jos\u00e9 Luis Panozzo, los empleados municipales tendr\u00e1n la posibilidad de terminar sus estudios secundarios<\/p>\n","protected":false},"author":2,"featured_media":67051,"comment_status":"closed","ping_status":"closed","sticky":false,"template":"","format":"standard","meta":{"footnotes":""},"categories":[7],"tags":[17],"class_list":["post-67050","post","type-post","status-publish","format-standard","has-post-thumbnail","hentry","category-informe-sindical","tag-entre-rios"],"_links":{"self":[{"href":"http:\/\/argentinamunicipal.com.ar\/argentina\/wp-json\/wp\/v2\/posts\/67050","targetHints":{"allow":["GET"]}}],"collection":[{"href":"http:\/\/argentinamunicipal.com.ar\/argentina\/wp-json\/wp\/v2\/posts"}],"about":[{"href":"http:\/\/argentinamunicipal.com.ar\/argentina\/wp-json\/wp\/v2\/types\/post"}],"author":[{"embeddable":true,"href":"http:\/\/argentinamunicipal.com.ar\/argentina\/wp-json\/wp\/v2\/users\/2"}],"replies":[{"embeddable":true,"href":"http:\/\/argentinamunicipal.com.ar\/argentina\/wp-json\/wp\/v2\/comments?post=67050"}],"version-history":[{"count":0,"href":"http:\/\/argentinamunicipal.com.ar\/argentina\/wp-json\/wp\/v2\/posts\/67050\/revisions"}],"wp:featuredmedia":[{"embeddable":true,"href":"http:\/\/argentinamunicipal.com.ar\/argentina\/wp-json\/wp\/v2\/media\/67051"}],"wp:attachment":[{"href":"http:\/\/argentinamunicipal.com.ar\/argentina\/wp-json\/wp\/v2\/media?parent=67050"}],"wp:term":[{"taxonomy":"category","embeddable":true,"href":"http:\/\/argentinamunicipal.com.ar\/argentina\/wp-json\/wp\/v2\/categories?post=67050"},{"taxonomy":"post_tag","embeddable":true,"href":"http:\/\/argentinamunicipal.com.ar\/argentina\/wp-json\/wp\/v2\/tags?post=67050"}],"curies":[{"name":"wp","href":"https:\/\/api.w.org\/{rel}","templated":true}]}}