{"id":67056,"date":"2017-08-30T08:49:56","date_gmt":"2017-08-30T11:49:56","guid":{"rendered":"http:\/\/argentinamunicipal.com.ar\/argentina\/?p=67056"},"modified":"2017-08-30T08:49:56","modified_gmt":"2017-08-30T11:49:56","slug":"francisco-pidio-los-lideres-mundiales-escuchen-grito-los-pobres-cuidado-del-ambiente","status":"publish","type":"post","link":"http:\/\/argentinamunicipal.com.ar\/argentina\/francisco-pidio-los-lideres-mundiales-escuchen-grito-los-pobres-cuidado-del-ambiente\/","title":{"rendered":"Francisco pidi\u00f3 a los l\u00edderes mundiales que escuchen \u00abel grito de los pobres\u00bb para el cuidado del ambiente"},"content":{"rendered":"<p>Fue en ocasi\u00f3n de la Jornada de Oraci\u00f3n por el cuidado de la creaci\u00f3n que se celebrar\u00e1 este viernes.<br \/>\nEl papa Francisco pidi\u00f3 hoy que \u00ablos que ocupan roles influyentes\u00bb que escuchen \u00abel grito de los pobres, que son los que m\u00e1s sufren los desequilibrios\u00bb del ambiente, en ocasi\u00f3n de la Jornada de Oraci\u00f3n por el cuidado de la creaci\u00f3n que se celebrar\u00e1 este viernes.<\/p>\n<p>\u00abPasado ma\u00f1ana, 1 de septiembre, ser\u00e1 la Jornada de oraci\u00f3n por el cuidado de la creaci\u00f3n. En esta ocasi\u00f3n, con el querido hermano Bartolom\u00e9, Patriarca Ecum\u00e9nico de Constantinopla, hemos preparado un mensaje juntos\u00bb, asegur\u00f3 el Pont\u00edfice durante la audiencia general de este mi\u00e9rcoles en la Plaza San Pedro.<\/p>\n<p>\u00abEn el mensaje invitamos a todos a asumir una actitud respetuosa y responsable con la creaci\u00f3n. Hacemos adem\u00e1s un llamado a cuantos ocupan roles influyentes, a escuchar el grito de la tierra y el grito de los pobres, los que m\u00e1s sufren por los desequilibrios ecol\u00f3gicos\u00bb, agreg\u00f3 Jorge Bergoglio. En agosto de 2015, con el tel\u00f3n de fondo de su Enc\u00edclica Laudato si&#8217;, Francisco instituy\u00f3 para la Iglesia Cat\u00f3lica la \u00abJornada Mundial de Oraci\u00f3n por el Cuidado de la Creaci\u00f3n\u00bb, para ser celebrada junto con la Iglesia Ortodoxa.<\/p>\n<p>Durante la audiencia de este mi\u00e9rcoles, ante unos 10.000 fieles, el Pont\u00edfice salud\u00f3 adem\u00e1s a un grupo de dirigentes y jugadores del equipo brasile\u00f1o de f\u00fatbol Chapecoense, que el a\u00f1o pasado sufri\u00f3 71 muertos durante un accidente a\u00e9reo en cercan\u00edas de Medell\u00edn, Colombia, cuando se dirig\u00edan a jugar la primera final de la Copa Sudamericana 2016 frente a Atl\u00e9tico Nacional.<\/p>\n<h6>Fuente: La Voz<\/h6>\n","protected":false},"excerpt":{"rendered":"<p>Fue en ocasi\u00f3n de la Jornada de Oraci\u00f3n por el cuidado de la creaci\u00f3n que se celebrar\u00e1 este viernes.<\/p>\n","protected":false},"author":2,"featured_media":67057,"comment_status":"closed","ping_status":"closed","sticky":false,"template":"","format":"standard","meta":{"footnotes":""},"categories":[22],"tags":[57],"class_list":["post-67056","post","type-post","status-publish","format-standard","has-post-thumbnail","hentry","category-el-mundo","tag-el-mundo"],"_links":{"self":[{"href":"http:\/\/argentinamunicipal.com.ar\/argentina\/wp-json\/wp\/v2\/posts\/67056","targetHints":{"allow":["GET"]}}],"collection":[{"href":"http:\/\/argentinamunicipal.com.ar\/argentina\/wp-json\/wp\/v2\/posts"}],"about":[{"href":"http:\/\/argentinamunicipal.com.ar\/argentina\/wp-json\/wp\/v2\/types\/post"}],"author":[{"embeddable":true,"href":"http:\/\/argentinamunicipal.com.ar\/argentina\/wp-json\/wp\/v2\/users\/2"}],"replies":[{"embeddable":true,"href":"http:\/\/argentinamunicipal.com.ar\/argentina\/wp-json\/wp\/v2\/comments?post=67056"}],"version-history":[{"count":0,"href":"http:\/\/argentinamunicipal.com.ar\/argentina\/wp-json\/wp\/v2\/posts\/67056\/revisions"}],"wp:featuredmedia":[{"embeddable":true,"href":"http:\/\/argentinamunicipal.com.ar\/argentina\/wp-json\/wp\/v2\/media\/67057"}],"wp:attachment":[{"href":"http:\/\/argentinamunicipal.com.ar\/argentina\/wp-json\/wp\/v2\/media?parent=67056"}],"wp:term":[{"taxonomy":"category","embeddable":true,"href":"http:\/\/argentinamunicipal.com.ar\/argentina\/wp-json\/wp\/v2\/categories?post=67056"},{"taxonomy":"post_tag","embeddable":true,"href":"http:\/\/argentinamunicipal.com.ar\/argentina\/wp-json\/wp\/v2\/tags?post=67056"}],"curies":[{"name":"wp","href":"https:\/\/api.w.org\/{rel}","templated":true}]}}