{"id":67059,"date":"2017-08-30T08:52:19","date_gmt":"2017-08-30T11:52:19","guid":{"rendered":"http:\/\/argentinamunicipal.com.ar\/argentina\/?p=67059"},"modified":"2017-08-30T08:52:19","modified_gmt":"2017-08-30T11:52:19","slug":"municipales-capayan-siguen-protestando-frente-la-comuna","status":"publish","type":"post","link":"http:\/\/argentinamunicipal.com.ar\/argentina\/municipales-capayan-siguen-protestando-frente-la-comuna\/","title":{"rendered":"Municipales de Capay\u00e1n siguen protestando frente a la comuna"},"content":{"rendered":"<p>El grupo de diez empleados municipales que fueron suspendidos de manera preventiva por parte de la comuna de Capay\u00e1n sigue con su plan de lucha a los fines de que se revea esta situaci\u00f3n y se les d\u00e9 una soluci\u00f3n.<br \/>\nEn tal sentido, luego de no haber logrado el acompa\u00f1amiento de sus compa\u00f1eros para realizar un paro y tras haberse manifestado en la jornada del lunes frente a la Casa de Gobierno, ayer volvieron a instalarse en la plaza 25 de Mayo, frente al Palacio Municipal, ubicado en la localidad de Chumbicha. En esta oportunidad, los empleados fueron acompa\u00f1ados por familiares, amigos y allegados.<br \/>\nEl grupo de aproximadamente cincuenta personas permaneci\u00f3 en el lugar y luego se retir\u00f3. En el caso de los obreros municipales, compartieron una olla popular a la espera de una respuesta.<br \/>\nEn tal sentido, la secretaria General del Sindicato de Obreros y Empleados Municipales (SOEM), Norma Cuesta, tambi\u00e9n sancionada, dio cuenta de que habl\u00f3 con el subsecretario de Asuntos Municipales, Gustavo Aguirre, y que \u00e9ste le dijo que se hab\u00eda comunicado con el intendente Alfredo Hoffman. El jefe comunal le transmiti\u00f3 que analizar\u00eda las pruebas presentadas por los sumariados y que eso llevar\u00eda tiempo. Asimismo, Cuesta dijo que van a seguir reclamando y que \u00abno vamos a bajar los brazos porque presentamos pruebas\u201d para negar la acusaci\u00f3n.<br \/>\nPor su parte Gustavo Aguirre, en di\u00e1logo con la prensa, se refiri\u00f3 a la situaci\u00f3n en Capay\u00e1n: \u00abEs muy importante que tengamos en cuenta que, en el marco de las autonom\u00edas municipales, el Ejecutivo provincial no tiene facultades para ordenarle a un intendente el cese de una medida sancionatoria\u201d.<br \/>\nRecordemos que la sanci\u00f3n aplicada, seg\u00fan lo dado a conocer por parte del municipio, es por los incidentes registrados en el interior de la oficina del jefe comunal, momentos en los cuales manten\u00eda una reuni\u00f3n con gremialistas que representan a un grupo de empleados\u00a0 y que no est\u00e1n afiliados al SOEM Capay\u00e1n.<\/p>\n<h6>Fuente: El Esquiu<\/h6>\n","protected":false},"excerpt":{"rendered":"<p>El grupo de diez empleados municipales que fueron suspendidos de manera preventiva por parte de la comuna de Capay\u00e1n sigue con su plan de lucha a los fines de que se revea esta situaci\u00f3n y se les d\u00e9 una soluci\u00f3n.<\/p>\n","protected":false},"author":2,"featured_media":67060,"comment_status":"closed","ping_status":"closed","sticky":false,"template":"","format":"standard","meta":{"footnotes":""},"categories":[7],"tags":[16],"class_list":["post-67059","post","type-post","status-publish","format-standard","has-post-thumbnail","hentry","category-informe-sindical","tag-catamarca"],"_links":{"self":[{"href":"http:\/\/argentinamunicipal.com.ar\/argentina\/wp-json\/wp\/v2\/posts\/67059","targetHints":{"allow":["GET"]}}],"collection":[{"href":"http:\/\/argentinamunicipal.com.ar\/argentina\/wp-json\/wp\/v2\/posts"}],"about":[{"href":"http:\/\/argentinamunicipal.com.ar\/argentina\/wp-json\/wp\/v2\/types\/post"}],"author":[{"embeddable":true,"href":"http:\/\/argentinamunicipal.com.ar\/argentina\/wp-json\/wp\/v2\/users\/2"}],"replies":[{"embeddable":true,"href":"http:\/\/argentinamunicipal.com.ar\/argentina\/wp-json\/wp\/v2\/comments?post=67059"}],"version-history":[{"count":0,"href":"http:\/\/argentinamunicipal.com.ar\/argentina\/wp-json\/wp\/v2\/posts\/67059\/revisions"}],"wp:featuredmedia":[{"embeddable":true,"href":"http:\/\/argentinamunicipal.com.ar\/argentina\/wp-json\/wp\/v2\/media\/67060"}],"wp:attachment":[{"href":"http:\/\/argentinamunicipal.com.ar\/argentina\/wp-json\/wp\/v2\/media?parent=67059"}],"wp:term":[{"taxonomy":"category","embeddable":true,"href":"http:\/\/argentinamunicipal.com.ar\/argentina\/wp-json\/wp\/v2\/categories?post=67059"},{"taxonomy":"post_tag","embeddable":true,"href":"http:\/\/argentinamunicipal.com.ar\/argentina\/wp-json\/wp\/v2\/tags?post=67059"}],"curies":[{"name":"wp","href":"https:\/\/api.w.org\/{rel}","templated":true}]}}