{"id":67074,"date":"2017-08-31T07:21:54","date_gmt":"2017-08-31T10:21:54","guid":{"rendered":"http:\/\/argentinamunicipal.com.ar\/argentina\/?p=67074"},"modified":"2017-08-31T07:21:54","modified_gmt":"2017-08-31T10:21:54","slug":"festejo-al-demoraron-17-dias","status":"publish","type":"post","link":"http:\/\/argentinamunicipal.com.ar\/argentina\/festejo-al-demoraron-17-dias\/","title":{"rendered":"Un festejo al que demoraron 17 d\u00edas"},"content":{"rendered":"<p>La ex presidenta le apunt\u00f3 al Gobierno por su manejo del recuento. En su primer acto de cara a octubre, ofreci\u00f3 un discurso m\u00e1s extenso en el que consider\u00f3 como \u201cinconsistente e insustentable\u201d el plan econ\u00f3mico de Macri.<\/p>\n<p>\u201cGan\u00f3 Unidad Ciudadana y perdi\u00f3 el Gobierno que coloc\u00f3 la elecci\u00f3n como un plebiscito de la situaci\u00f3n econ\u00f3mica y social\u201d, dijo y el estadio Atenas de La Plata estall\u00f3. Cristina Kirchner, junto al resto de los candidatos bonaerenses, festej\u00f3 la demorada confirmaci\u00f3n del triunfo en las PASO. Desde all\u00ed convoc\u00f3 a repetir la victoria en octubre y advirti\u00f3 que el resultado de las primarias demostr\u00f3 que el frente que lidera es el que mejor expres\u00f3 el tipo de oposici\u00f3n que necesita el pa\u00eds para frenar las pol\u00edticas del gobierno de Mauricio Macri.<\/p>\n<p>\u00danica oradora y ocupando el centro de la cancha de basquet, la ex presidenta no s\u00f3lo se preocup\u00f3 en desbaratar la estrategia medi\u00e1tica que adjudic\u00f3 al gobierno nacional para confundir al electorado, tambi\u00e9n describi\u00f3 cu\u00e1l ser\u00e1 el perfil de la campa\u00f1a que se viene ahora de cara a los comicios de octubre. Ser\u00e1 \u201cuna campa\u00f1a ciudadana\u201d donde se profundizar\u00e1 toda aquella informaci\u00f3n que recogieron durante el recorrido por la provincia y que permiti\u00f3 conocer el verdadero estado de la econom\u00eda y la crisis social que provoca. CFK aclar\u00f3 que no se trata de ser portadores de malas noticias \u201csino advertir que lo que est\u00e1 ocurriendo ya pas\u00f3 y que cuando se hizo nos fue para el tujes\u201d. La ex presidenta se preocup\u00f3 tambi\u00e9n decirles que hay que tener la preocupaci\u00f3n de no caer en el mensaje de la antipol\u00edtica \u201cporque deben recordar que con algunos gobiernos se puede disfrutar de vacaciones, de llegar a fin de mes y con otros solo se puede ser pobre. No todos los gobiernos son iguales\u201d.<\/p>\n<p>Ella habl\u00f3 poco m\u00e1s de cincuenta minutos dejando, al menos por ahora, aquellos discursos cortos de la campa\u00f1a de las PASO. Se puede justificar en que CFK y todos los candidatos de la UC tuvieron que esperar 408 horas para poder confirmar el triunfo del 13 de agosto.<\/p>\n<p>Esa gran cantidad de horas que representan 17 d\u00edas significaron para la ex mandataria una clara expresi\u00f3n de la concentraci\u00f3n del poder que tiene el gobierno nacional que incluye no s\u00f3lo lo pol\u00edtico sino tambi\u00e9n lo econ\u00f3mico, financiero y lo medi\u00e1tico. Una concentraci\u00f3n que para CFK pone a la democracia \u201cen emergencia\u201d. De todas formas y ante ese escenario Cristina le dijo a los suyos que \u201csin dinero ni para afiches, pasacalles y avisos publicitarios\u201d se pudo ganar y desbancar la operaci\u00f3n de Cambiemos: \u201cHasta la BBC lo destaca al sostener que se trat\u00f3 de una ins\u00f3lita elecci\u00f3n donde Mauricio Macri celebr\u00f3 la victoria pero luego gan\u00f3 Cristina Kirchner\u201d. Un dato que celebr\u00f3 la multitud y que ella aprovech\u00f3 para decirle al presidente que \u201cas\u00ed no se seduce a los inversores porque sin garant\u00edas no van a venir\u201d. Luego y a modo de conclusi\u00f3n de lo que implica el haber ganado las primarias asegur\u00f3 que \u201cnos quisieron vender gato por liebre, pero no fue gato, fue liebre\u201d, indic\u00f3 y otra vez el estadio estall\u00f3.<\/p>\n<p>Cristina no se olvid\u00f3 de nada. Por caso trajo a colaci\u00f3n la minimizaci\u00f3n del triunfo que hizo el oficialismo cuando que la UC gan\u00f3 \u201cpor un pu\u00f1ado de votos\u201d. Con marcada iron\u00eda dijo que el gobierno primero se adjudic\u00f3 un triunfo para luego sostener que era un empate antes de reconocer la derrota. \u201cHablan como si hubiesen llegado a la presidencia con una diferencia del 20 por ciento pero ganaron por un pu\u00f1ado de votos. Ese pu\u00f1ado de votos es la democracia misma, es lo que puede definir que Gladys Gonz\u00e1lez entre en lugar de Jorge Taiana\u201d, dijo pero se permiti\u00f3 una especie de presagio cuando rememor\u00f3 que cuando N\u00e9stor Kirchner gan\u00f3 la intendencia de R\u00edo Gallegos fue por apenas 111 votos y que signific\u00f3 \u201cel punto de partida de su recorrido pol\u00edtico\u201d.<\/p>\n<p>Una y otra vez CFK volvi\u00f3 al peligro que supone la concentraci\u00f3n de poder que goza el gobierno nacional. \u201cTenemos que estar muy atentos a lo que pase\u201d, remarc\u00f3 la ex presidenta y consider\u00f3 que el \u201c\u00e9xito m\u00e1s grande de Unidad Ciudadana fue haber instalado la agenda econ\u00f3mica. Hubo una gran movilizaci\u00f3n el 22 de agosto convocada por la CGT, donde de pronto los que hasta ayer eran buenos pasan a ser malos. Y el tercer hecho importante, el m\u00e1s grave, el m\u00e1s terrible, el m\u00e1s doloroso, es la desaparici\u00f3n forzada de Santiago Maldonado\u201d. Un hecho que para CFK se funda en un actitud disciplinadora del poder que dice \u201cmiren lo que les puede pasar si protestan\u201d. Por si quedaba alguna duda dijo que \u201cla concentraci\u00f3n de poder econ\u00f3mica, financiera, medi\u00e1tica, in\u00e9dita en la historia que detenta el Gobierno: cuando uno tiene la seguridad de que los canales de televisi\u00f3n s\u00f3lo dicen lo que el gobierno quiere y no lo que le pasa a la gente, es malo porque se genera un mareo de poder y concentraci\u00f3n que tal vez sea la causa de la desaparici\u00f3n de Maldonado\u201d.<\/p>\n<p>No le perdon\u00f3 nada al plan econ\u00f3mico de Macri al que caracteriz\u00f3 como \u201cinconsistente e insustentable\u201d y por ello advirti\u00f3 sobre \u201cel dur\u00edsimo ajuste que se viene despu\u00e9s de las elecciones\u201d. \u201cEsto es como (la pel\u00edcula) Tibur\u00f3n, ya sabemos c\u00f3mo termina y no nos gusta\u201d. Por eso pidi\u00f3 que \u201cla oposici\u00f3n le ponga un l\u00edmite al Gobierno. La sociedad tiene que poner un l\u00edmite\u201d, indic\u00f3. No despreci\u00f3 al resto de los partidos opositores, ni siquiera les dedic\u00f3 una cr\u00edtica pero destac\u00f3 que Unidad Ciudadana fue el frente opositor m\u00e1s votado porque \u201clogr\u00f3 imponer la agenda econ\u00f3mica\u201d que llev\u00f3 al resto de la oposici\u00f3n a encolumnarse detr\u00e1s de esa tem\u00e1tica.<\/p>\n<p>A modo de mensaje final, Cristina asegur\u00f3 que \u201cnuestra victoria es una haza\u00f1a democr\u00e1tica\u201d e incluso reconoci\u00f3 que se autoimpuso una apuesta: \u201cSiempre cre\u00ed que la pol\u00edtica y que la gesti\u00f3n no se construye en los sets de televisi\u00f3n y por eso me plante\u00e9, en \u00e9pocas de la posverdad, si era posible ganar una elecci\u00f3n sin ir a un set de televisi\u00f3n y ganamos en agosto y podemos ganar en octubre\u201d.<\/p>\n<h6>Fuente: P\u00e1gina 12<\/h6>\n","protected":false},"excerpt":{"rendered":"<p>La ex presidenta le apunt\u00f3 al Gobierno por su manejo del recuento. En su primer acto de cara a octubre, ofreci\u00f3 un discurso m\u00e1s extenso en el que consider\u00f3 como \u201cinconsistente e insustentable\u201d el plan econ\u00f3mico de Macri.<\/p>\n","protected":false},"author":2,"featured_media":67075,"comment_status":"closed","ping_status":"closed","sticky":false,"template":"","format":"standard","meta":{"footnotes":""},"categories":[8],"tags":[21],"class_list":["post-67074","post","type-post","status-publish","format-standard","has-post-thumbnail","hentry","category-informe-nacional","tag-argentina"],"_links":{"self":[{"href":"http:\/\/argentinamunicipal.com.ar\/argentina\/wp-json\/wp\/v2\/posts\/67074","targetHints":{"allow":["GET"]}}],"collection":[{"href":"http:\/\/argentinamunicipal.com.ar\/argentina\/wp-json\/wp\/v2\/posts"}],"about":[{"href":"http:\/\/argentinamunicipal.com.ar\/argentina\/wp-json\/wp\/v2\/types\/post"}],"author":[{"embeddable":true,"href":"http:\/\/argentinamunicipal.com.ar\/argentina\/wp-json\/wp\/v2\/users\/2"}],"replies":[{"embeddable":true,"href":"http:\/\/argentinamunicipal.com.ar\/argentina\/wp-json\/wp\/v2\/comments?post=67074"}],"version-history":[{"count":0,"href":"http:\/\/argentinamunicipal.com.ar\/argentina\/wp-json\/wp\/v2\/posts\/67074\/revisions"}],"wp:featuredmedia":[{"embeddable":true,"href":"http:\/\/argentinamunicipal.com.ar\/argentina\/wp-json\/wp\/v2\/media\/67075"}],"wp:attachment":[{"href":"http:\/\/argentinamunicipal.com.ar\/argentina\/wp-json\/wp\/v2\/media?parent=67074"}],"wp:term":[{"taxonomy":"category","embeddable":true,"href":"http:\/\/argentinamunicipal.com.ar\/argentina\/wp-json\/wp\/v2\/categories?post=67074"},{"taxonomy":"post_tag","embeddable":true,"href":"http:\/\/argentinamunicipal.com.ar\/argentina\/wp-json\/wp\/v2\/tags?post=67074"}],"curies":[{"name":"wp","href":"https:\/\/api.w.org\/{rel}","templated":true}]}}