{"id":67077,"date":"2017-08-31T06:29:09","date_gmt":"2017-08-31T09:29:09","guid":{"rendered":"http:\/\/argentinamunicipal.com.ar\/argentina\/?p=67077"},"modified":"2017-08-31T07:31:17","modified_gmt":"2017-08-31T10:31:17","slug":"la-industria-no-deja-perder-empleo","status":"publish","type":"post","link":"http:\/\/argentinamunicipal.com.ar\/argentina\/la-industria-no-deja-perder-empleo\/","title":{"rendered":"La industria no deja de perder empleo"},"content":{"rendered":"<p>Los datos del Ministerio de Trabajo en base a los registros del SIPA-Anses muestran que el mes pasado hubo 33 mil empleos menos en el sector fabril respecto de un a\u00f1o atr\u00e1s. Si se compara con 2015, la destrucci\u00f3n supera los 65 mil.<\/p>\n<p>La foto del mercado de trabajo de julio revela la creaci\u00f3n de 31.300 puestos contra el mes anterior, aunque si se depuran los efectos estacionales la cifra se reduce a 15.900 empleos. La din\u00e1mica detr\u00e1s de esa aparente mejora es la registraci\u00f3n de nuevos monotributistas, la incorporaci\u00f3n de empleados p\u00fablicos y la reactivaci\u00f3n de la construcci\u00f3n. La contracara es la destrucci\u00f3n ininterrumpida de puestos de trabajo en la industria. Los registros del SIPA-Anses muestran un retroceso de 3500 empleos en las actividades manufactureras contra junio que, sin estacionalidad, llega a 2800 puestos. En la comparaci\u00f3n con el mismo per\u00edodo del a\u00f1o pasado los sectores fabriles dan cuenta de la destrucci\u00f3n de 33 mil empleos. Frente a los registros previos a la asunci\u00f3n del gobierno de Mauricio Macri, la industria emplea 65.800 personas menos. As\u00ed, la incorporaci\u00f3n de trabajadores se concentra en sectores con salarios por debajo del promedio, con mayor inestabilidad y menores beneficios laborales. Ese escenario atenta contra la recuperaci\u00f3n del consumo masivo que sigue cayendo a pesar de los mejores indicadores laborales.<\/p>\n<p>Los datos publicados ayer por el Ministerio de Trabajo muestran que el universo monotributista sum\u00f3 10.100 individuos en junio. M\u00e1s de la mitad de esos nuevos puestos registrados son monotributistas sociales que no dan cuenta de una expansi\u00f3n de la demanda genuina de empleo sino de un proceso de regularizaci\u00f3n de la situaci\u00f3n laboral a partir de la extensi\u00f3n de la Asignaci\u00f3n Universal por Hijo a ese universo en abril de 2016. A pesar del reclamo oficial para que las provincias y municipios congelen la expansi\u00f3n de sus plantillas con la pretensi\u00f3n de reducir el d\u00e9ficit fiscal, el sector p\u00fablico aport\u00f3 17.800 nuevos asalariados. El sector que m\u00e1s sum\u00f3 a la mejora mensual tambi\u00e9n responde al gasto e inversi\u00f3n estatal en obra p\u00fablica: la construcci\u00f3n incorpor\u00f3 6500 puestos frente al mes anterior.<\/p>\n<p>\u201cSi bien la generaci\u00f3n de empleo asalariado registrado es bienvenida, al analizar lo que ocurre dentro del sector privado se observa que los sectores en los cuales se gener\u00f3 empleo son aquellos de menor salario relativo\u201d, se\u00f1alaron desde el Instituto de Trabajo y Econom\u00eda (ITE) de la Fundaci\u00f3n Germ\u00e1n Abdala. El mayor crecimiento de asalariados registrados se produjo en aquellos sectores con salarios al menos un 25 por ciento inferiores al promedio mientras que la destrucci\u00f3n de puestos de trabajo se concentr\u00f3 en los sectores donde las remuneraciones son alrededor de un 10 por ciento superiores a la media. \u201cEl mercado se configur\u00f3 a lo largo del \u00faltimo a\u00f1o de forma tal de crear empleo de bajos ingresos, en detrimento de salarios altos\u201d, explican los investigadores del ITE. Por eso, advierten, la din\u00e1mica laboral atenta contra la reactivaci\u00f3n del consumo masivo de bienes.<\/p>\n<p>En la comparaci\u00f3n contra el mismo mes de 2016, el empleo registrado total anot\u00f3 una mejora de 186.400 puestos de trabajo. La cantidad de monotributistas ascendi\u00f3 en 59.700 frente al mismo mes del a\u00f1o pasado, mientras que al monotributo social se sumaron otros 39.900 individuos. Por su parte, el sector p\u00fablico incorpor\u00f3 42.600 nuevos empleos en t\u00e9rminos interanuales.<\/p>\n<p>\u201cLa comparaci\u00f3n interanual entre junio de 2016 y junio de 2017 muestra que 11 de los 14 sectores analizados expandieron el n\u00famero de trabajadores formales\u201d, destac\u00f3 la cartera laboral. El sector privado anot\u00f3 una suba de 50.100 puestos donde la reactivaci\u00f3n de la obra p\u00fablica impuls\u00f3 la creaci\u00f3n de 38.700 empleos en la construcci\u00f3n. Los datos oficiales tambi\u00e9n mostraron mejoras interanuales en el comercio con la incorporaci\u00f3n de 11.600 trabajadores. El sector de los servicios sociales y de salud sum\u00f3 9800 empleos, las actividades inmobiliarias otros 6400 y los hoteles y resturantes anotaron una mejora de 5400. En sentido opuesto oper\u00f3 el desempe\u00f1o de la actividad industrial, afectada por la apertura comercial, la recesi\u00f3n de Brasil y el pobre dinamismo del consumo interno. En junio el retroceso interanual lleg\u00f3 a 33.000 empleos.<\/p>\n<p>Ayer tambi\u00e9n se presentaron los resultados de la Encuesta de Indicadores Laborales correspondiente a julio, donde se registr\u00f3 un aumento de 0,2 por ciento mensual y un incremento del 1 por ciento interanual.<\/p>\n<h6>Fuente: P\u00e1gina 12<\/h6>\n","protected":false},"excerpt":{"rendered":"<p>Los datos del Ministerio de Trabajo en base a los registros del SIPA-Anses muestran que el mes pasado hubo 33 mil empleos menos en el sector fabril respecto de un a\u00f1o atr\u00e1s. Si se compara con 2015, la destrucci\u00f3n supera los 65 mil.<\/p>\n","protected":false},"author":2,"featured_media":67078,"comment_status":"closed","ping_status":"closed","sticky":false,"template":"","format":"standard","meta":{"footnotes":""},"categories":[8],"tags":[21],"class_list":["post-67077","post","type-post","status-publish","format-standard","has-post-thumbnail","hentry","category-informe-nacional","tag-argentina"],"_links":{"self":[{"href":"http:\/\/argentinamunicipal.com.ar\/argentina\/wp-json\/wp\/v2\/posts\/67077","targetHints":{"allow":["GET"]}}],"collection":[{"href":"http:\/\/argentinamunicipal.com.ar\/argentina\/wp-json\/wp\/v2\/posts"}],"about":[{"href":"http:\/\/argentinamunicipal.com.ar\/argentina\/wp-json\/wp\/v2\/types\/post"}],"author":[{"embeddable":true,"href":"http:\/\/argentinamunicipal.com.ar\/argentina\/wp-json\/wp\/v2\/users\/2"}],"replies":[{"embeddable":true,"href":"http:\/\/argentinamunicipal.com.ar\/argentina\/wp-json\/wp\/v2\/comments?post=67077"}],"version-history":[{"count":0,"href":"http:\/\/argentinamunicipal.com.ar\/argentina\/wp-json\/wp\/v2\/posts\/67077\/revisions"}],"wp:featuredmedia":[{"embeddable":true,"href":"http:\/\/argentinamunicipal.com.ar\/argentina\/wp-json\/wp\/v2\/media\/67078"}],"wp:attachment":[{"href":"http:\/\/argentinamunicipal.com.ar\/argentina\/wp-json\/wp\/v2\/media?parent=67077"}],"wp:term":[{"taxonomy":"category","embeddable":true,"href":"http:\/\/argentinamunicipal.com.ar\/argentina\/wp-json\/wp\/v2\/categories?post=67077"},{"taxonomy":"post_tag","embeddable":true,"href":"http:\/\/argentinamunicipal.com.ar\/argentina\/wp-json\/wp\/v2\/tags?post=67077"}],"curies":[{"name":"wp","href":"https:\/\/api.w.org\/{rel}","templated":true}]}}