{"id":67083,"date":"2017-08-31T07:54:06","date_gmt":"2017-08-31T10:54:06","guid":{"rendered":"http:\/\/argentinamunicipal.com.ar\/argentina\/?p=67083"},"modified":"2017-08-31T07:54:06","modified_gmt":"2017-08-31T10:54:06","slug":"presupuesto-2018-incertidumbre-santa-fe-la-falta-respuesta-nacion","status":"publish","type":"post","link":"http:\/\/argentinamunicipal.com.ar\/argentina\/presupuesto-2018-incertidumbre-santa-fe-la-falta-respuesta-nacion\/","title":{"rendered":"Presupuesto 2018: incertidumbre\u00a0en Santa Fe por la falta de respuesta de Naci\u00f3n"},"content":{"rendered":"<p>En treinta d\u00edas, la provincia debe enviar su proyecto a la Legislatura. Pero la indefinici\u00f3n del gobierno central respecto de si aceptar\u00e1 el plan de pago que elev\u00f3 el gobierno de Santa Fe hace m\u00e1s de un mes, dificulta su elaboraci\u00f3n. El mensaje no incluir\u00e1 cambios tributarios.<\/p>\n<p>&nbsp;<\/p>\n<p>En un mes, ingresar\u00e1 a la Legislatura el proyecto de presupuesto provincial 2018, pero su redacci\u00f3n todav\u00eda est\u00e1 inmersa en una gran incertidumbre que genera la falta de respuestas de la Naci\u00f3n a la propuesta de pago de la deuda de coparticipaci\u00f3n, que globalmente supera los 50 mil millones de pesos. Seg\u00fan el plan sugerido por el Poder Ejecutivo santafesino con el aval de todo el arco pol\u00edtico, en 2018 deber\u00edan ingresar a Santa Fe 7.500 millones de pesos; ello representa m\u00e1s del cinco por ciento del total de recursos previstos para el actual ejercicio 2017, que super\u00f3 los 155 mil millones. \u201cContar o no con esos recursos cambia el presupuesto\u201d, sostuvo de manera categ\u00f3rica el ministro de Econom\u00eda de Santa Fe, Gonzalo Saglione, en di\u00e1logo con El Litoral.<\/p>\n<p>\u201cHoy, nuestra mayor incertidumbre viene dada por c\u00f3mo proyectar los recursos nacionales, porque si bien ya tenemos las pautas macrofiscales que el propio gobierno nacional transmiti\u00f3 en la \u00faltima reuni\u00f3n de Responsabilidad Fiscal (ver aparte), no sabemos qu\u00e9 va a pasar con la propuesta de pago de la deuda\u201d, dijo el funcionario. \u201cObviamente, eso incide fuertemente sobre el monto de recursos que vayamos a incorporar a nuestro presupuesto. Y es eso lo que nos genera mayor incertidumbre\u201d, reiter\u00f3..<\/p>\n<p>Mientras tanto&#8230;<\/p>\n<p>Saglione dijo que en lo que s\u00ed avanzan es en la distribuci\u00f3n de partidas presupuestarias por jurisdicci\u00f3n, \u201ctratando de sostener la distribuci\u00f3n de recursos en la apuesta a la obra p\u00fablica\u201d. Y adelant\u00f3 que \u201cla porci\u00f3n de obra p\u00fablica que se ejecuta con el financiamiento proveniente de t\u00edtulos p\u00fablicos que no se termine de ejecutar en el presente ejercicio, se incorporar\u00e1 al presupuesto del a\u00f1o pr\u00f3ximo\u201d.<\/p>\n<p>Tambi\u00e9n en este sentido, enfatiz\u00f3 la importancia de saber qu\u00e9 actitud tomar\u00e1 la Naci\u00f3n respecto de la deuda, ya que \u201cel ciento por ciento de esos recursos est\u00e1 destinado a gastos de capital\u201d. Seg\u00fan precis\u00f3, \u201cno ha habido hasta el momento ninguna novedad sobre la propuesta que hicimos. Y el hecho nos preocupa porque estamos a quince d\u00edas de que Naci\u00f3n presente su propio presupuesto, y esto tiene que estar incluido en caso de que decidan pagarlo. Hasta ahora, no nos han dicho nada\u201d, asever\u00f3..<\/p>\n<p>Pautas e impuestos<\/p>\n<p>Saglione revel\u00f3 que en la \u00faltima reuni\u00f3n del Consejo Federal de Responsabilidad Fiscal, el Ministerio de Econom\u00eda adelant\u00f3 cu\u00e1les ser\u00e1n las variables macrofiscales que regir\u00e1n el presupuesto nacional, que ser\u00e1 enviado en quince d\u00edas al Congreso. Seg\u00fan dijo, se prev\u00e9 un tipo de cambio de 19,30 pesos; una inflaci\u00f3n o evoluci\u00f3n de \u00edndice de precios promedio del 15,7 por ciento, y una tasa de crecimiento del 3,5 por ciento. Dichas pautas suelen ser luego las que la provincia toma como propias para la elaboraci\u00f3n de su presupuesto.<\/p>\n<p>Finalmente, Saglione dijo que en el proyecto provincial no se incluir\u00e1n reformas impositivas. \u201cNo hay ning\u00fan cambio tributario que est\u00e9 acompa\u00f1ando el proceso de presupuestaci\u00f3n -dijo el ministro-. Las que surjan son propias de la comisi\u00f3n de an\u00e1lisis tributario que en caso de avanzar con alguna modificaci\u00f3n, se enviar\u00e1n como proyecto independiente del presupuesto\u201d, concluy\u00f3.<br \/>\nReforma impositiva nacional<\/p>\n<p>Sobre la decisi\u00f3n del gobierno nacional de reformar el sistema tributario, Gonzalo Saglione dijo saber que el proyecto \u201cya est\u00e1 redactado\u201d, aunque lo enviar\u00e1n para su tratamiento legislativo despu\u00e9s de las elecciones.<\/p>\n<p>Respecto de los alcances de la iniciativa, confirm\u00f3 que tal como ha trascendido, la Naci\u00f3n plantea esencialmente la reducci\u00f3n gradual de Ingresos Brutos, una de las principales fuentes de recaudaci\u00f3n de las provincias. Al respecto, aclar\u00f3 que \u201cla Naci\u00f3n no puede legislar sobre los impuestos provinciales. S\u00ed, puede poner en discusi\u00f3n el impuesto, pero hasta ah\u00ed puede llegar. Necesitan el consenso de las provincias. Ninguna provincia va a ir responsablemente hacia la eliminaci\u00f3n de este impuesto, sin tener con qu\u00e9 compensarlo porque es la columna vertebral de los sistemas tributarios provinciales\u201d, plante\u00f3.<\/p>\n<p>Saglione aclar\u00f3 que Santa Fe \u201cest\u00e1 dispuesta y abierta\u201d a la discusi\u00f3n tanto del sistema tributario como del actual r\u00e9gimen de coparticipaci\u00f3n, pero aclar\u00f3 que \u201cdeber\u00e1n tener todos la madurez necesaria para que el debate sea responsable y no nos conduzca a decisiones desacertadas\u201d.<\/p>\n<p>El planteo de Naci\u00f3n es que las provincias reduzcan Ingresos Brutos, y compensen esa disminuci\u00f3n de recursos con un aumento de los impuestos patrimoniales, como el Inmobiliario y la Patente. \u201c\u00c9sa es la ecuaci\u00f3n\u201d, resumi\u00f3.<\/p>\n<p><strong>15,7\u00a0por ciento<\/strong><\/p>\n<p>es la inflaci\u00f3n o evoluci\u00f3n de \u00edndice de precios promedio que la Naci\u00f3n estim\u00f3 para su presupuesto 2018.<\/p>\n<p><strong>3,5\u00a0por ciento<\/strong><\/p>\n<p>es la tasa de crecimiento que el gobierno central tuvo en cuenta para la redacci\u00f3n de su proyecto de gastos y recursos para el a\u00f1o que viene.<br \/>\nContar o no con esos recursos cambia el presupuesto\u201d.<br \/>\nGonzalo Saglione, Ministro de Econom\u00eda<\/p>\n<p><strong>Conurbano<\/strong><\/p>\n<p>Consultado sobre el planteo judicial de la provincia de Buenos Aires para que se elimine el tope al Fondo del Conurbano, Saglione dud\u00f3 que haya sentencia en el corto plazo. \u201c(Hermes) Binner hab\u00eda presentado el reclamo ante la Corte en 2009 y la sentencia sali\u00f3 seis a\u00f1os despu\u00e9s. Nada me hace pensar que la Corte vaya a fallar ahora en una cuesti\u00f3n de tiempo m\u00e1s breve que la que requiri\u00f3 en su momento para un tema similar\u201d, aclar\u00f3.<\/p>\n<h6>Fuente: El Litoral<\/h6>\n","protected":false},"excerpt":{"rendered":"<p>En treinta d\u00edas, la provincia debe enviar su proyecto a la Legislatura. Pero la indefinici\u00f3n del gobierno central respecto de si aceptar\u00e1 el plan de pago que elev\u00f3 el gobierno de Santa Fe hace m\u00e1s de un mes, dificulta su elaboraci\u00f3n. El mensaje no incluir\u00e1 cambios tributarios.<\/p>\n","protected":false},"author":2,"featured_media":67084,"comment_status":"closed","ping_status":"closed","sticky":false,"template":"","format":"standard","meta":{"footnotes":""},"categories":[65],"tags":[10],"class_list":["post-67083","post","type-post","status-publish","format-standard","has-post-thumbnail","hentry","category-provincias","tag-santa-fe"],"_links":{"self":[{"href":"http:\/\/argentinamunicipal.com.ar\/argentina\/wp-json\/wp\/v2\/posts\/67083","targetHints":{"allow":["GET"]}}],"collection":[{"href":"http:\/\/argentinamunicipal.com.ar\/argentina\/wp-json\/wp\/v2\/posts"}],"about":[{"href":"http:\/\/argentinamunicipal.com.ar\/argentina\/wp-json\/wp\/v2\/types\/post"}],"author":[{"embeddable":true,"href":"http:\/\/argentinamunicipal.com.ar\/argentina\/wp-json\/wp\/v2\/users\/2"}],"replies":[{"embeddable":true,"href":"http:\/\/argentinamunicipal.com.ar\/argentina\/wp-json\/wp\/v2\/comments?post=67083"}],"version-history":[{"count":0,"href":"http:\/\/argentinamunicipal.com.ar\/argentina\/wp-json\/wp\/v2\/posts\/67083\/revisions"}],"wp:featuredmedia":[{"embeddable":true,"href":"http:\/\/argentinamunicipal.com.ar\/argentina\/wp-json\/wp\/v2\/media\/67084"}],"wp:attachment":[{"href":"http:\/\/argentinamunicipal.com.ar\/argentina\/wp-json\/wp\/v2\/media?parent=67083"}],"wp:term":[{"taxonomy":"category","embeddable":true,"href":"http:\/\/argentinamunicipal.com.ar\/argentina\/wp-json\/wp\/v2\/categories?post=67083"},{"taxonomy":"post_tag","embeddable":true,"href":"http:\/\/argentinamunicipal.com.ar\/argentina\/wp-json\/wp\/v2\/tags?post=67083"}],"curies":[{"name":"wp","href":"https:\/\/api.w.org\/{rel}","templated":true}]}}