{"id":67086,"date":"2017-08-31T08:02:38","date_gmt":"2017-08-31T11:02:38","guid":{"rendered":"http:\/\/argentinamunicipal.com.ar\/argentina\/?p=67086"},"modified":"2017-08-31T08:02:38","modified_gmt":"2017-08-31T11:02:38","slug":"ano-la-destitucion-dilma-brasil-no-termina-salir-peor-crisis","status":"publish","type":"post","link":"http:\/\/argentinamunicipal.com.ar\/argentina\/ano-la-destitucion-dilma-brasil-no-termina-salir-peor-crisis\/","title":{"rendered":"A un a\u00f1o de la destituci\u00f3n de Dilma, Brasil no termina de salir de su peor crisis"},"content":{"rendered":"<p>Los sucesivos esc\u00e1ndalos de corrupci\u00f3n de la clase dirigente mellan la confianza en la propia democracia. Ni Lula se salva de la tormenta<\/p>\n<p>Se fue Dilma Rousseff, pero la promesa de que Brasil dejar\u00eda atr\u00e1s la inestabilidad parece m\u00e1s lejana que nunca exactamente un a\u00f1o tras la destituci\u00f3n de la ex presidenta, el 31 de agosto de 2016. Su sucesor, Michel Temer, est\u00e1 denunciado por corrupci\u00f3n, el pa\u00eds no termina de salir de su peor crisis econ\u00f3mica y los interminables esc\u00e1ndalos empiezan a mellar la confianza en la propia democracia. Ni siquiera uno de los pol\u00edticos m\u00e1s exitosos del gigante sudamericano, el ex presidente Luiz In\u00e1cio Lula da Silva, se salva de la tormenta. Lula fue condenado recientemente a nueve a\u00f1os y medio de c\u00e1rcel por corrupci\u00f3n y, mientras espera a la revisi\u00f3n de la sentencia, debe enfrentar a\u00fan cinco procesos m\u00e1s.La denuncia contra Temer amenaza tambi\u00e9n la ligera recuperaci\u00f3n de la econom\u00eda tras la recesi\u00f3n acumulada del \u2014un 7,4 por ciento en 2015 y 2016\u2014, y la falta de fondos causan estragos en el pa\u00eds y amenazan con devolver a decenas de miles de brasile\u00f1os a la pobreza.<\/p>\n<p>En julio hubo un recorte en uno de los m\u00e1s exitosos programas de Lula para ayudar a los m\u00e1s necesitados, \u00abBolsa Familia\u00bb, que retir\u00f3 las ayudas a 543.000 personas. La crisis empieza tambi\u00e9n a disparar los \u00edndices de violencia en las principales ciudades del pa\u00eds, entre ellas la metr\u00f3poli R\u00edo de Janeiro.<\/p>\n<p>Cuestionado juicio<\/p>\n<p>La ca\u00edda del pa\u00eds que parec\u00eda predestinado hace unos a\u00f1os a convertirse en la primera naci\u00f3n latinoamericana en codearse con las potencias mundiales tiene varias causas, pero una de las m\u00e1s notorias es la batalla pol\u00edtica que condujo hace 12 meses al juicio de \u00abimpeachment\u00bb de Rousseff, sucesora de Lula y compa\u00f1era suya en el izquierdista Partido de los Trabajadores (PT). Temer se volvi\u00f3 en 2016 contra Rousseff, a la que serv\u00eda entonces como vicepresidente, para apoyar un cuestionado juicio pol\u00edtico que condujo a la destituci\u00f3n de la mandataria el 31 de agosto, tras haber sido suspendida en mayo.<\/p>\n<p>El presidente asumi\u00f3 el cargo prometiendo un \u00abgobierno de salvaci\u00f3n\u00bb, pero la corrupci\u00f3n y la falta de legitimidad se convirtieron desde el comienzo en un lastre. El l\u00edder conservador fue denunciado en junio por haberse beneficiado presuntamente durante a\u00f1os del pago de sobornos para favorecer al gigante de la carne JBS en un caso vinculado con el esc\u00e1ndalo de la petrolera estatal Petrobras conocido como \u00abLava Jato\u00bb (\u00abLavado de autos\u00bb). Y pese a que el Congreso, controlado por sus aliados, se neg\u00f3 a quitarle la inmunidad, se espera que la fiscal\u00eda presente en breve una nueva denuncia contra Temer. El presidente se aferra al cargo como respuesta. Hay \u00abgente que quiere parar Brasil y ese deseo no tiene l\u00edmites\u00bb, atac\u00f3 Temer esta semana a los fiscales que lo quieren juzgar. \u00abPero tengo la fuerza necesaria para resistir\u00bb.<\/p>\n<p>Una gran mayor\u00eda de sus propios compatriotas, sin embargo, lo ven de otra manera. Las \u00faltimas encuestas colocan el apoyo a su gesti\u00f3n en un \u00ednfimo 5 por ciento. A la inversa, el 94 por ciento de los brasile\u00f1os dicen no sentirse representados por los pol\u00edticos que est\u00e1n en el poder.<\/p>\n<p>Casi de forma simb\u00f3lica, en las pr\u00f3ximas semanas se estrenar\u00e1 en Brasil un documental, \u00abO macaco Tiao. O candidato do povo\u00bb (\u00abEl mono Tiao. El candidato del pueblo\u00bb), que cuenta la historia de una de los m\u00e1s incre\u00edbles votos de protesta de Brasil y posiblemente del mundo entero. En las elecciones municipales de 1988, una agrupaci\u00f3n bautizada como Partido Bananista Brasile\u00f1o (PBB) design\u00f3 a un mono del zool\u00f3gico de R\u00edo de Janeiro como candidato, en medio del descr\u00e9dito de los pol\u00edticos cariocas. \u00abNo hab\u00eda por qui\u00e9n votar\u00bb, record\u00f3 el director del documental, Alex Levy-Heller, esos convulsos a\u00f1os posteriores al final de la dictadura militar (1964-1985) en el diario O Globo. El chimpanc\u00e9 obtuvo al final 400.000 votos y qued\u00f3 en tercer lugar.<\/p>\n<p>La protesta en 2017 tiene formas m\u00e1s preocupantes. Seg\u00fan un sondeo de la encuestadora Ibope publicado a mediados de agosto, un tercio de la poblaci\u00f3n cree en tanto que la democracia no es la mejor forma de gobierno para el pa\u00eds. Y en muchas de las protestas contra la corrupci\u00f3n se ven tambi\u00e9n pancartas que piden directamente el regreso de los militares. Quiz\u00e1 por el mismo esp\u00edritu, en las encuestas para las elecciones presidenciales de 2018 empieza a despuntar un l\u00edder populista de ultraderecha, el diputado Jair Bolsonaro, al que muchos llaman el \u00abDonald Trump\u00bb brasile\u00f1o o comparan con el pol\u00e9mico presidente de la mano dura\u00bb de Filipinas, Rodrigo Duterte.<\/p>\n<p>Bolsonaro se ubica en algunos sondeos en segundo lugar, s\u00f3lo por detr\u00e1s de otro posible candidato: Lula. El carism\u00e1tico ex l\u00edder obrero ha anunciado ya que quiere volver a ser presidente. Una confirmaci\u00f3n de su sentencia o una nueva condena pueden sin embargo frenar sus aspiraciones y potenciar quiz\u00e1 a\u00fan m\u00e1s el desencanto de los brasile\u00f1os con la pol\u00edtica. A Brasil lo esperan m\u00e1s tiempos convulsos.<\/p>\n<h6>Fuente: La Capital Rosario<\/h6>\n","protected":false},"excerpt":{"rendered":"<p>Los sucesivos esc\u00e1ndalos de corrupci\u00f3n de la clase dirigente mellan la confianza en la propia democracia. Ni Lula se salva de la tormenta<\/p>\n","protected":false},"author":2,"featured_media":67087,"comment_status":"closed","ping_status":"closed","sticky":false,"template":"","format":"standard","meta":{"footnotes":""},"categories":[22],"tags":[57],"class_list":["post-67086","post","type-post","status-publish","format-standard","has-post-thumbnail","hentry","category-el-mundo","tag-el-mundo"],"_links":{"self":[{"href":"http:\/\/argentinamunicipal.com.ar\/argentina\/wp-json\/wp\/v2\/posts\/67086","targetHints":{"allow":["GET"]}}],"collection":[{"href":"http:\/\/argentinamunicipal.com.ar\/argentina\/wp-json\/wp\/v2\/posts"}],"about":[{"href":"http:\/\/argentinamunicipal.com.ar\/argentina\/wp-json\/wp\/v2\/types\/post"}],"author":[{"embeddable":true,"href":"http:\/\/argentinamunicipal.com.ar\/argentina\/wp-json\/wp\/v2\/users\/2"}],"replies":[{"embeddable":true,"href":"http:\/\/argentinamunicipal.com.ar\/argentina\/wp-json\/wp\/v2\/comments?post=67086"}],"version-history":[{"count":0,"href":"http:\/\/argentinamunicipal.com.ar\/argentina\/wp-json\/wp\/v2\/posts\/67086\/revisions"}],"wp:featuredmedia":[{"embeddable":true,"href":"http:\/\/argentinamunicipal.com.ar\/argentina\/wp-json\/wp\/v2\/media\/67087"}],"wp:attachment":[{"href":"http:\/\/argentinamunicipal.com.ar\/argentina\/wp-json\/wp\/v2\/media?parent=67086"}],"wp:term":[{"taxonomy":"category","embeddable":true,"href":"http:\/\/argentinamunicipal.com.ar\/argentina\/wp-json\/wp\/v2\/categories?post=67086"},{"taxonomy":"post_tag","embeddable":true,"href":"http:\/\/argentinamunicipal.com.ar\/argentina\/wp-json\/wp\/v2\/tags?post=67086"}],"curies":[{"name":"wp","href":"https:\/\/api.w.org\/{rel}","templated":true}]}}