{"id":67095,"date":"2017-08-31T08:16:15","date_gmt":"2017-08-31T11:16:15","guid":{"rendered":"http:\/\/argentinamunicipal.com.ar\/argentina\/?p=67095"},"modified":"2017-08-31T08:16:15","modified_gmt":"2017-08-31T11:16:15","slug":"recortes-la-comuna-corrientes-habla-posible-quiebra","status":"publish","type":"post","link":"http:\/\/argentinamunicipal.com.ar\/argentina\/recortes-la-comuna-corrientes-habla-posible-quiebra\/","title":{"rendered":"Por recortes, la Comuna de Corrientes habla de posible quiebra"},"content":{"rendered":"<p>El intendente R\u00edos reuni\u00f3 al bloque oficialista y explic\u00f3 la delicada situaci\u00f3n. El presidente del cuerpo Salinas no descart\u00f3 que el tema sea hoy abordado en el recinto, aunque no figura en el orden del d\u00eda.<\/p>\n<p>El culebr\u00f3n por los recortes coparticipables al Municipio capitalino tuvo ayer un nuevo cap\u00edtulo que implic\u00f3 no s\u00f3lo a los ejecutivos de Capital y Provincia, sino adem\u00e1s al Concejo Deliberante.<\/p>\n<p>Es que luego que el intendente Fabi\u00e1n R\u00edos anticipara una posible \u00abquiebra\u00bb de la Comuna si continuaban los recortes, se concret\u00f3 una reuni\u00f3n entre el Jefe comunal y el bloque oficialista.<\/p>\n<p>En contacto con EL LIBERTADOR, el presidente del cuerpo, Jos\u00e9 Salinas coment\u00f3: \u00abTuvimos una reuni\u00f3n con el intendente R\u00edos y charlamos sobre diferentes cuestiones, una de ellas es el tema de los recortes de fondos. El Intendente nos habl\u00f3 acerca de la gravedad de la situaci\u00f3n. Es algo que no lo provocamos nosotros y que s\u00f3lo se entiende por la ego\u00edsmo y la mezquindad del Gobierno provincial. La Comuna est\u00e1 trabajando con el 30 por ciento de los recursos de lo que verdaderamente le corresponde. Llamamos a la cordura a la Provincia\u00bb.<\/p>\n<p>Asimismo, Salinas no descart\u00f3 que el candente tema sea debatido hoy durante la sesi\u00f3n del deliberante.<br \/>\n\u00abAunque la cuesti\u00f3n recortes no est\u00e1 dentro de la orden del d\u00eda, no se descarta que se discuta como tema importante que es\u00bb, asegur\u00f3 Salinas.<\/p>\n<p>El tema sobre si peligra el pago de los haberes fue objeto de consultas a los concejales en la v\u00edspera.<br \/>\n\u00abEst\u00e1n garantizados los sueldos y las paritarias\u00bb, fue la respuesta del justicialista Estoup.<\/p>\n<p>Al referirse al tema, el intendente electo, Eduardo Tassano puso pa\u00f1os fr\u00edos a los planteamientos. \u00abEn las charlas que mantuvieron los equipos t\u00e9cnicos de la futura y actual gesti\u00f3n hablaron de varias cuestiones pero no al punto de decir que est\u00e1n en quiebra\u00bb, declar\u00f3 el legislador provincial.<\/p>\n<h6>Fuente: El Libertador<\/h6>\n","protected":false},"excerpt":{"rendered":"<p>El intendente R\u00edos reuni\u00f3 al bloque oficialista y explic\u00f3 la delicada situaci\u00f3n. El presidente del cuerpo Salinas no descart\u00f3 que el tema sea hoy abordado en el recinto, aunque no figura en el orden del d\u00eda.<\/p>\n","protected":false},"author":2,"featured_media":67096,"comment_status":"closed","ping_status":"closed","sticky":false,"template":"","format":"standard","meta":{"footnotes":""},"categories":[4],"tags":[13],"class_list":["post-67095","post","type-post","status-publish","format-standard","has-post-thumbnail","hentry","category-informe-politico","tag-corrientes"],"_links":{"self":[{"href":"http:\/\/argentinamunicipal.com.ar\/argentina\/wp-json\/wp\/v2\/posts\/67095","targetHints":{"allow":["GET"]}}],"collection":[{"href":"http:\/\/argentinamunicipal.com.ar\/argentina\/wp-json\/wp\/v2\/posts"}],"about":[{"href":"http:\/\/argentinamunicipal.com.ar\/argentina\/wp-json\/wp\/v2\/types\/post"}],"author":[{"embeddable":true,"href":"http:\/\/argentinamunicipal.com.ar\/argentina\/wp-json\/wp\/v2\/users\/2"}],"replies":[{"embeddable":true,"href":"http:\/\/argentinamunicipal.com.ar\/argentina\/wp-json\/wp\/v2\/comments?post=67095"}],"version-history":[{"count":0,"href":"http:\/\/argentinamunicipal.com.ar\/argentina\/wp-json\/wp\/v2\/posts\/67095\/revisions"}],"wp:featuredmedia":[{"embeddable":true,"href":"http:\/\/argentinamunicipal.com.ar\/argentina\/wp-json\/wp\/v2\/media\/67096"}],"wp:attachment":[{"href":"http:\/\/argentinamunicipal.com.ar\/argentina\/wp-json\/wp\/v2\/media?parent=67095"}],"wp:term":[{"taxonomy":"category","embeddable":true,"href":"http:\/\/argentinamunicipal.com.ar\/argentina\/wp-json\/wp\/v2\/categories?post=67095"},{"taxonomy":"post_tag","embeddable":true,"href":"http:\/\/argentinamunicipal.com.ar\/argentina\/wp-json\/wp\/v2\/tags?post=67095"}],"curies":[{"name":"wp","href":"https:\/\/api.w.org\/{rel}","templated":true}]}}