{"id":67098,"date":"2017-08-31T06:17:02","date_gmt":"2017-08-31T09:17:02","guid":{"rendered":"http:\/\/argentinamunicipal.com.ar\/argentina\/?p=67098"},"modified":"2017-08-31T08:20:08","modified_gmt":"2017-08-31T11:20:08","slug":"audiencia-roca-mas-75-voces-busca-una-solucion-la-ruta-22","status":"publish","type":"post","link":"http:\/\/argentinamunicipal.com.ar\/argentina\/audiencia-roca-mas-75-voces-busca-una-solucion-la-ruta-22\/","title":{"rendered":"Audiencia en Roca: m\u00e1s de 75 voces en busca de una soluci\u00f3n para la Ruta 22"},"content":{"rendered":"<p>Desde la ma\u00f1ana hasta la tarde se analizar\u00e1 el proyecto de Vialidad Nacional para convertir en autopista el principal camino del Alto Valle.<\/p>\n<p>Una oportunidad inmejorable para poner en pr\u00e1ctica la capacidad de escuchar, de proponer, de respetarse y de buscar en la diversidad el mejor proyecto posible para el futuro de la regi\u00f3n. As\u00ed emerge la audiencia p\u00fablica por la Ruta 22 que se realizar\u00e1 hoy en Roca.<\/p>\n<p>Desde las 9 de la ma\u00f1ana, en la Asociaci\u00f3n Espa\u00f1ola, m\u00e1s de 75 personas tendr\u00e1n un micr\u00f3fono delante para opinar sobre la autopista que Vialidad Nacional pretende construir en el Alto Valle.<\/p>\n<p>La instancia no es vinculante, pero dif\u00edcilmente los responsables de analizar el Estudio de Impacto Ambiental que present\u00f3 el organismo nacional puedan restarle peso a las exposiciones.<\/p>\n<p>El orden del d\u00eda que se conoci\u00f3 ayer anticipa un amplio abanico de miradas sobre la soluci\u00f3n que necesita la ruta.<\/p>\n<p>Si bien la Secretar\u00eda de Ambiente de la Provincia es la autoridad de aplicaci\u00f3n, la organizaci\u00f3n de la audiencia p\u00fablica fue responsabilidad de Vialidad Nacional. Por eso la apertura estar\u00e1 a cargo del director de Asuntos Jur\u00eddicos, Ricardo Stoddart. Junto a \u00e9l se sentar\u00e1n la secretaria de Ambiente y Desarrollo Sustentable, Dina Migani y los intendentes de Roca, Mart\u00edn Soria y de Cervantes, Claudia Montanaro.<\/p>\n<p>Luego se otorgar\u00e1 un tiempo a los responsables del plan para la construcci\u00f3n de la autopista. La exposici\u00f3n y explicaci\u00f3n del proyecto la har\u00e1 el ingeniero Francisco Garc\u00eda, subgerente de Accesos a Grandes Ciudades y Proyectos Especiales, en tanto que la presentaci\u00f3n del Estudio de Impacto Ambiental ser\u00e1 responsabilidad de Horacio Fidel Fern\u00e1ndez. Esta etapa concluir\u00e1 con la presentaci\u00f3n de la propuesta de mitigaci\u00f3n, a cargo de Marcelo Somenson, jefe Divisi\u00f3n de Mitigaci\u00f3n de Vialidad.<\/p>\n<p>El siguiente paso en la audiencia ser\u00e1 escuchar a los expositores, entre los que estar\u00e1n autoridades locales y provinciales, el defensor del Pueblo, y testigos y expertos convocados por Vialidad.<\/p>\n<p>El listado oficial indica que presentar\u00e1n sus argumentos los intendentes de Cervantes y de Roca; la Directora de Ambiente de Roca, Laura Ju\u00e1rez; el referente del Colegio de Arquitectos de R\u00edo Negro, Carlos Grassi; la gerenta del Consorcio de Riego y Drenaje de Roca: Vanesa Funes y la subsecretaria de Unidad de enlace CFI: Laura Perilli.<\/p>\n<p>Por el Departamento Provincial de Aguas hablar\u00e1 luego el superintendente, Fernando Curetti; seguido por Anal\u00eda Moreda, directora de Investigaci\u00f3n Accidentol\u00f3gica de la Agencia Nacional de Seguridad Vial; el titular de Vialidad Rionegrina, Ra\u00fal Grun; Andrea Tapia por la UNRN, el defensor adjunto del Pueblo de R\u00edo Negro, C\u00e9sar Dom\u00ednguez; el ministro de Obras P\u00fablicas, Carlos Valeri y el presidente del bloque Juntos Somos R\u00edo Negro, Alejandro Palmieri.<\/p>\n<p><strong>Los preparativos<\/strong><\/p>\n<p>Durante la jornada de ayer fue incesante el movimiento en el sal\u00f3n de calle Espa\u00f1a 1371, en el que se revisaron las condiciones t\u00e9cnicas, se chequearon contenidos y presentaciones de algunos expositores, y se revis\u00f3 el sistema de sonido e imagen.<\/p>\n<p>La moderaci\u00f3n de la audiencia ser\u00e1 realizada por Ayel\u00e9n C\u00e1ceres y Orieta Lillo Arenas, de la Fundaci\u00f3n Centro Patag\u00f3nico para el Fortalecimiento de la Gesti\u00f3n P\u00fablica. Ambas tendr\u00e1n la dif\u00edcil tarea de hacer respetar los tiempos (30 minutos para las presentaciones iniciales, 20 minutos para los expositores y 5 minutos para los oradores). En el marco de las 11 horas estimadas para el encuentro habr\u00e1 varios cuartos intermedios, uno de ellos al mediod\u00eda.<\/p>\n<p>\u201cPara que no haya m\u00e1s problemas como los registrados en los tramos existentes, los cruces tienen que estar de acuerdo a lo que t\u00e9cnicamente el organismo requiere\u201d<br \/>\nFernando Curetti, titular del DPA, sobre la afectaci\u00f3n al sistema de riego y drenaje.<\/p>\n<p><strong>Cuatro ideas para el mismo problema<\/strong><br \/>\nSi bien Vialidad asegura que iba a ser convocada de todas maneras, la audiencia p\u00fablica de hoy es consecuencia de una orden judicial, en el marco de un amparo presentado por el municipio de Roca.<\/p>\n<p>El gobierno local impulsa la principal resistencia al proyecto oficial de realizar una autopista con elevaci\u00f3n de la traza en los accesos.<\/p>\n<p>Como alternativa, se dise\u00f1\u00f3 una propuesta con la ruta a nivel y cruces de norte a sur elevados.<\/p>\n<p>Adem\u00e1s de esas dos ideas, existe un tercer sector que opina que debe llevarse a cabo una autov\u00eda a nivel.<\/p>\n<p>Por su parte, el Colegio de Arquitectos present\u00f3 una cuarta iniciativa, proponiendo que la ruta se eleve pero sin murallas.<\/p>\n<p><strong>El gobierno provincial insiste en el arbitraje<\/strong><br \/>\nEl gobierno provincial estar\u00e1 representado hoy por el legislador Alejandro Palmieri, roquense y presidente del bloque de Legisladores de JSRN. As\u00ed lo confirm\u00f3 el gobernador Alberto Weretilneck ayer en su visita a Roca.<\/p>\n<p>\u201cLa postura nuestra es que ante la inflexibilidad de Vialidad Nacional y ante la no claridad de la municipalidad de General Roca de cu\u00e1l es el verdadero proyecto que plantea, someternos a un arbitraje. Que tanto la Naci\u00f3n como municipalidad y la provincia pidamos a la Universidad Nacional de San Juan que es el instituto t\u00e9cnico m\u00e1s importante en lo que es seguridad vial y tramas viales, que dictamine cual es la mejor soluci\u00f3n t\u00e9cnica para la ruta\u201d.<\/p>\n<p>N\u00d3MINA DE\u00a0PARTICIPANTES<br \/>\n1. Danilo Garc\u00eda<br \/>\n2. \u00c1ngel Spampani<br \/>\n3. Adolfo Evaristo Dabat<br \/>\n4. Pedro LucianoAun<br \/>\n5. Marisabel Hilda Aun<br \/>\n6. Marcelo Javier Garc\u00eda Crespo<br \/>\n7. Carlos Alberto Ferreiro<br \/>\n8. Mario Nestor Alvarez<br \/>\n9. Mar\u00eda Felisa Railef<br \/>\n10. Eduardo Serdorch (Asociaci\u00f3n Hotelera Gastron\u00f3mica)<br \/>\n11. Carlos Zanardi (Consorcio<br \/>\nde Riego de Allen y F. Oro)<br \/>\n12. Hugo Gast\u00f3n Molina<br \/>\n13. Enrique Aurelio Ramos (Consejo Profesional de Ingenier\u00eda<br \/>\nAgron\u00f3mica de R\u00edo Negro)<br \/>\n14. Mart\u00edn Roberto Cartasegna<br \/>\n15. Luis Emilio Vald\u00e9s.<br \/>\n16. Jorge Luis Barahona.<br \/>\n17. Carlos Miguel Mart\u00ednez (Rotary Club Cipolletti)<br \/>\n18. Bruno Bordignon (CoSeCi)<br \/>\n19. Juan Carlos Olivieri<br \/>\n20. Manuel Guillermo Caballero<br \/>\n21. Laura Ju\u00e1rez (se incorpor\u00f3 como expositora invitada)<br \/>\n22. Rub\u00e9n Guspero (Pavimento Urbano y Rural de Roca)<br \/>\n23. Ricardo Horacio Rold\u00e1n<br \/>\n24. Juan Eustaquio Mercado<br \/>\n25. Raquel Graciela Glanz<br \/>\n26. Ana Alicia Malan<br \/>\n27. Patricia Alejandra Arriola<br \/>\n28. Mar\u00eda Beatr\u00edz de Raffaelli (Colegio de Arquitectos)<br \/>\n29. Jorge Norberto Villanueva<br \/>\n30. Oscar Inostrosa<br \/>\n31. H. Pastor (Partido Obrero)<br \/>\n32. Roberto Jorge Zgaib<br \/>\n33. Mariano Lavin (Municipio de Fern\u00e1ndez Oro)<br \/>\n34. Octavio Folatelli<br \/>\n35. Alberto Ad\u00e1n Calder\u00f3n<br \/>\n36. Gabriel Oscar Giayetto<br \/>\n37. Ricardo Mart\u00edn Pamio<br \/>\n38. Alejandro Agust\u00edn Correa<br \/>\n39. Edit Miriam Saigg<br \/>\n40. Viviana Mabel Arcos<br \/>\n41. Julieta Bermejo<br \/>\n42. Juli\u00e1n Tocce (Asociaci\u00f3n Civil de Parques Industriales)<br \/>\n43. Nicol\u00e1s Andr\u00e9s Suarez Colman<br \/>\n44. Trinidad Talevi<br \/>\n45. Nestor Eduardo Jacobi<br \/>\n46. Ana Mar\u00eda Goicoechea<br \/>\n47. Norma Elizabeth Iba\u00f1ez<br \/>\n48. Gustavo Alberto Rodr\u00edguez<br \/>\n49. Mart\u00edn Ancaten Ureta (CAIC)<br \/>\n50. Jos\u00e9 Luis Guerra<br \/>\n51. Maira Revsin<br \/>\n52. Juan Carlos Mart\u00edn<br \/>\n53. Ivana Elisa Soto<br \/>\n54. Norma Alicia Durante<br \/>\n55. Juan Ernesto Pav\u00f3n<br \/>\n56. Carlos Alberto Elisandro<br \/>\n57. Romina Paola Dom\u00ednguez (Estrellas Amarillas)<br \/>\n58. Manuel Carrillo (Bomberos<br \/>\nVoluntarios de General Roca)<br \/>\n59. Daniela Susana Anah\u00ed Dalbene<br \/>\n60. Mario AlfredoEspinosa<br \/>\n61. Hern\u00e1n Buzinel (en representaci\u00f3n del casino Crown)<br \/>\n62. Eustacio M\u00e1rmol (en representaci\u00f3n del Consorcio de Riego de Cervantes)<\/p>\n<h6>Fuente: R\u00edo Negro<\/h6>\n","protected":false},"excerpt":{"rendered":"<p>Desde la ma\u00f1ana hasta la tarde se analizar\u00e1 el proyecto de Vialidad Nacional para convertir en autopista el principal camino del Alto Valle.<\/p>\n","protected":false},"author":2,"featured_media":67099,"comment_status":"closed","ping_status":"closed","sticky":false,"template":"","format":"standard","meta":{"footnotes":""},"categories":[2],"tags":[11],"class_list":["post-67098","post","type-post","status-publish","format-standard","has-post-thumbnail","hentry","category-informe-municipal","tag-rio-negro"],"_links":{"self":[{"href":"http:\/\/argentinamunicipal.com.ar\/argentina\/wp-json\/wp\/v2\/posts\/67098","targetHints":{"allow":["GET"]}}],"collection":[{"href":"http:\/\/argentinamunicipal.com.ar\/argentina\/wp-json\/wp\/v2\/posts"}],"about":[{"href":"http:\/\/argentinamunicipal.com.ar\/argentina\/wp-json\/wp\/v2\/types\/post"}],"author":[{"embeddable":true,"href":"http:\/\/argentinamunicipal.com.ar\/argentina\/wp-json\/wp\/v2\/users\/2"}],"replies":[{"embeddable":true,"href":"http:\/\/argentinamunicipal.com.ar\/argentina\/wp-json\/wp\/v2\/comments?post=67098"}],"version-history":[{"count":0,"href":"http:\/\/argentinamunicipal.com.ar\/argentina\/wp-json\/wp\/v2\/posts\/67098\/revisions"}],"wp:featuredmedia":[{"embeddable":true,"href":"http:\/\/argentinamunicipal.com.ar\/argentina\/wp-json\/wp\/v2\/media\/67099"}],"wp:attachment":[{"href":"http:\/\/argentinamunicipal.com.ar\/argentina\/wp-json\/wp\/v2\/media?parent=67098"}],"wp:term":[{"taxonomy":"category","embeddable":true,"href":"http:\/\/argentinamunicipal.com.ar\/argentina\/wp-json\/wp\/v2\/categories?post=67098"},{"taxonomy":"post_tag","embeddable":true,"href":"http:\/\/argentinamunicipal.com.ar\/argentina\/wp-json\/wp\/v2\/tags?post=67098"}],"curies":[{"name":"wp","href":"https:\/\/api.w.org\/{rel}","templated":true}]}}