{"id":67101,"date":"2017-08-31T06:21:13","date_gmt":"2017-08-31T09:21:13","guid":{"rendered":"http:\/\/argentinamunicipal.com.ar\/argentina\/?p=67101"},"modified":"2017-08-31T08:24:36","modified_gmt":"2017-08-31T11:24:36","slug":"la-rioja-paredismo-marcho-consigna-respeto-la-autonomia-municipal","status":"publish","type":"post","link":"http:\/\/argentinamunicipal.com.ar\/argentina\/la-rioja-paredismo-marcho-consigna-respeto-la-autonomia-municipal\/","title":{"rendered":"La Rioja: El paredismo march\u00f3 bajo consigna \u201crespeto a la autonom\u00eda municipal\u201d"},"content":{"rendered":"<p>La convocatoria se dio este mi\u00e9rcoles en la Plaza 25 de Mayo. El intendente Paredes, su vice Alvarez, toda su dirigencia y empleados municipales dijeron presentes. Los acompa\u00f1aron sectores como Madres del Dolor, Fuerza C\u00edvica Riojana con In\u00e9s Brizuela y Doria y tambi\u00e9n CGT oficial.<br \/>\nEn una jornada convulsionada con colectivos de San Francisco cortando todos los principales accesos al microcentro ya que sus trabajadores reclamaron por sus fuentes laborales, se dio la marcha impulsada por el paredismo que tuvo como lineamiento b\u00e1sico el pedir por el \u201crespeto a la autonom\u00eda municipal\u201d.<\/p>\n<p>La misma se dio este mi\u00e9rcoles a las 18:30 horas y congreg\u00f3 una importante cantidad de personas, que incluyeron al propio intendente Paredes Urquiza, su vice Felipe Alvarez, y dirigentes como Guillermo Galv\u00e1n y tambi\u00e9n empleados municipales.<\/p>\n<p>A estos se sumaron sectores como Madres del Dolor, un ala de Fuerza C\u00edvica encabezada por In\u00e9s Brizuela y Doria e incluso la CGT oficial, cuyo triunvirato integra el titular del gremio municipal SOEM, Carlos Del Giorno.<\/p>\n<p>Por fortuna, la movilizaci\u00f3n se dio con total normalidad, no hubo discursos pol\u00edticos y cerca de las 21 horas se desconcentr\u00f3 sin ning\u00fan tipo de incidentes, en una jornada jaqueada por la falta del servicio de colectivo urbano.<\/p>\n<h6>Fuente: Rioja Virtual<\/h6>\n","protected":false},"excerpt":{"rendered":"<p>La convocatoria se dio este mi\u00e9rcoles en la Plaza 25 de Mayo. El intendente Paredes, su vice Alvarez, toda su dirigencia y empleados municipales dijeron presentes.<\/p>\n","protected":false},"author":2,"featured_media":67102,"comment_status":"closed","ping_status":"closed","sticky":false,"template":"","format":"standard","meta":{"footnotes":""},"categories":[2],"tags":[26],"class_list":["post-67101","post","type-post","status-publish","format-standard","has-post-thumbnail","hentry","category-informe-municipal","tag-la-rioja"],"_links":{"self":[{"href":"http:\/\/argentinamunicipal.com.ar\/argentina\/wp-json\/wp\/v2\/posts\/67101","targetHints":{"allow":["GET"]}}],"collection":[{"href":"http:\/\/argentinamunicipal.com.ar\/argentina\/wp-json\/wp\/v2\/posts"}],"about":[{"href":"http:\/\/argentinamunicipal.com.ar\/argentina\/wp-json\/wp\/v2\/types\/post"}],"author":[{"embeddable":true,"href":"http:\/\/argentinamunicipal.com.ar\/argentina\/wp-json\/wp\/v2\/users\/2"}],"replies":[{"embeddable":true,"href":"http:\/\/argentinamunicipal.com.ar\/argentina\/wp-json\/wp\/v2\/comments?post=67101"}],"version-history":[{"count":0,"href":"http:\/\/argentinamunicipal.com.ar\/argentina\/wp-json\/wp\/v2\/posts\/67101\/revisions"}],"wp:featuredmedia":[{"embeddable":true,"href":"http:\/\/argentinamunicipal.com.ar\/argentina\/wp-json\/wp\/v2\/media\/67102"}],"wp:attachment":[{"href":"http:\/\/argentinamunicipal.com.ar\/argentina\/wp-json\/wp\/v2\/media?parent=67101"}],"wp:term":[{"taxonomy":"category","embeddable":true,"href":"http:\/\/argentinamunicipal.com.ar\/argentina\/wp-json\/wp\/v2\/categories?post=67101"},{"taxonomy":"post_tag","embeddable":true,"href":"http:\/\/argentinamunicipal.com.ar\/argentina\/wp-json\/wp\/v2\/tags?post=67101"}],"curies":[{"name":"wp","href":"https:\/\/api.w.org\/{rel}","templated":true}]}}