{"id":67104,"date":"2017-08-31T08:27:52","date_gmt":"2017-08-31T11:27:52","guid":{"rendered":"http:\/\/argentinamunicipal.com.ar\/argentina\/?p=67104"},"modified":"2017-08-31T08:27:52","modified_gmt":"2017-08-31T11:27:52","slug":"caucete-alrededor-900-familias-estado-vulnerabilidad","status":"publish","type":"post","link":"http:\/\/argentinamunicipal.com.ar\/argentina\/caucete-alrededor-900-familias-estado-vulnerabilidad\/","title":{"rendered":"En Caucete hay alrededor de 900 familias en estado de vulnerabilidad"},"content":{"rendered":"<p>Lo confirm\u00f3 la secretaria de Acci\u00f3n Social del departamento, Carina Solar. Hace unos d\u00edas las funcionaria inaugur\u00f3 el merendero n\u00famero 18 en el departamento, una pol\u00edtica de Estado que se est\u00e1 ejecutando, como para paliar la cruda realidad<\/p>\n<p>La Secretaria de Desarrollo Social,\u00a0Carina Solar, junto a su equipo de trabajo, dejo inaugurado el merendero 18.<br \/>\nY en este marco, le confirm\u00f3 a\u00a0DIARIO HUARPE\u00a0que en Caucete hay alrededor de 900 familias en estado de vulnerabilidad.<\/p>\n<p>\u201cSeg\u00fan nuestros registros ese es el n\u00famero aproximado\u201d,manifest\u00f3 \u00a0Solar\u00a0\u201cy por esos estamos haciendo este tipo de acciones para palear un poco la necesidad\u201d.<\/p>\n<p>La funcionaria dice que su secretar\u00eda est\u00e1 muy atenta a este n\u00famero y se sigue de cerca. Justamente porque el objetivo es\u00a0revertir esa realidad.<\/p>\n<p>\u201cDentro de los presupuestos que maneja el municipio\u201d,\u00a0dijo Solar\u00a0\u201cvamos creando acciones para hacer frente a esta problem\u00e1tica. Una problem\u00e1tica que se agrava y mucho en esta \u00e9poca con el parate en los trabajos rurales\u201d.<\/p>\n<p>Tal como sucede en otros departamentos que se encuentran en la cintura del gran San Juan, en donde la mayor porci\u00f3n de su poblaci\u00f3n es trabajador rural,\u00a0la pobreza hace estragos.<\/p>\n<p>\u201cTenemos una larga lista de pedidos de los diferentes asentamientos que tenemos en Caucete para que creemos merenderos\u201d,\u00a0dijo Solar\u00a0\u201cy eso muestra un poco el panorama que tenemos\u201d.<\/p>\n<p>En funci\u00f3n a los registros que tiene el municipio, en Caucete hay alrededor de 10 asentamientos distribuidos en diferentes puntos del departamento, y un numero similar sectores de vulnerabilidad<\/p>\n<p><strong>El merendero 18 es el del Callej\u00f3n Sosa.<\/strong><\/p>\n<p>En esta zona hay tres callejones con familias en estado de vulnerabilidad.<\/p>\n<p>La mayor\u00eda de los jefes de familia son trabajadores rurales. Por lo tanto sus ingresos var\u00edan seg\u00fan la temporada.<\/p>\n<p>En promedio el merendero alimentar\u00e1 entre 60 y 70 ni\u00f1os de diferentes edades<\/p>\n<p>La inauguraci\u00f3n se hizo con la presencia del grupo Murgas Barriales<\/p>\n<p><strong>Los Merenderos<\/strong><\/p>\n<p>Ante el pedido del merendero,\u00a0el municipio va al lugar, analiza la situaci\u00f3n y hace el informe.<\/p>\n<p>Despu\u00e9s de autorizado el informe,\u00a0el municipio coordina con la vecinal\u00a0y le entrega todos los productos para preparar la merienda.Es decir harina, leche o mate cocido, az\u00facar, aceite, entre otros productos.<\/p>\n<p>Los merenderos funcionan de lunes a viernes.<\/p>\n<p>Tambi\u00e9n se incluyen actividades deportivas, y recreativas \u00a0como tambi\u00e9n clases de apoyo.<\/p>\n<p>La secretaria \u00a0revel\u00f3 a\u00a0DIARIO HAURPE\u00a0que\u00a0es grande la preocupaci\u00f3n de la actual gesti\u00f3n ante esta realidad.<\/p>\n<p>Por ello se est\u00e1 gestionando en Naci\u00f3n la posibilidad de traer dos o tres f\u00e1bricas al departamento caucetero para, de alguna forma, revertir esta realidad de econom\u00eda social vulnerable.<\/p>\n<p>\u201cNosotros somos conscientes de que en una familia donde hay cuatro o cinco chicos, por m\u00e1s asignaci\u00f3n o beneficio que se tenga se hace muy dif\u00edcil parar la olla, y por eso mi secretar\u00eda va a estar presente\u201d,\u00a0sentenci\u00f3 Solar.<\/p>\n<h6>Fuente: Huarpe<\/h6>\n","protected":false},"excerpt":{"rendered":"<p>Lo confirm\u00f3 la secretaria de Acci\u00f3n Social del departamento, Carina Solar. Hace unos d\u00edas las funcionaria inaugur\u00f3 el merendero n\u00famero 18 en el departamento, una pol\u00edtica de Estado que se est\u00e1 ejecutando, como para paliar la cruda realidad<\/p>\n","protected":false},"author":2,"featured_media":67105,"comment_status":"closed","ping_status":"closed","sticky":false,"template":"","format":"standard","meta":{"footnotes":""},"categories":[2],"tags":[32],"class_list":["post-67104","post","type-post","status-publish","format-standard","has-post-thumbnail","hentry","category-informe-municipal","tag-san-juan"],"_links":{"self":[{"href":"http:\/\/argentinamunicipal.com.ar\/argentina\/wp-json\/wp\/v2\/posts\/67104","targetHints":{"allow":["GET"]}}],"collection":[{"href":"http:\/\/argentinamunicipal.com.ar\/argentina\/wp-json\/wp\/v2\/posts"}],"about":[{"href":"http:\/\/argentinamunicipal.com.ar\/argentina\/wp-json\/wp\/v2\/types\/post"}],"author":[{"embeddable":true,"href":"http:\/\/argentinamunicipal.com.ar\/argentina\/wp-json\/wp\/v2\/users\/2"}],"replies":[{"embeddable":true,"href":"http:\/\/argentinamunicipal.com.ar\/argentina\/wp-json\/wp\/v2\/comments?post=67104"}],"version-history":[{"count":0,"href":"http:\/\/argentinamunicipal.com.ar\/argentina\/wp-json\/wp\/v2\/posts\/67104\/revisions"}],"wp:featuredmedia":[{"embeddable":true,"href":"http:\/\/argentinamunicipal.com.ar\/argentina\/wp-json\/wp\/v2\/media\/67105"}],"wp:attachment":[{"href":"http:\/\/argentinamunicipal.com.ar\/argentina\/wp-json\/wp\/v2\/media?parent=67104"}],"wp:term":[{"taxonomy":"category","embeddable":true,"href":"http:\/\/argentinamunicipal.com.ar\/argentina\/wp-json\/wp\/v2\/categories?post=67104"},{"taxonomy":"post_tag","embeddable":true,"href":"http:\/\/argentinamunicipal.com.ar\/argentina\/wp-json\/wp\/v2\/tags?post=67104"}],"curies":[{"name":"wp","href":"https:\/\/api.w.org\/{rel}","templated":true}]}}