{"id":67120,"date":"2017-08-31T06:43:04","date_gmt":"2017-08-31T09:43:04","guid":{"rendered":"http:\/\/argentinamunicipal.com.ar\/argentina\/?p=67120"},"modified":"2017-08-31T08:44:28","modified_gmt":"2017-08-31T11:44:28","slug":"representantes-pueblos-originarios-ocupan-oficina-presidencia-sao-paulo","status":"publish","type":"post","link":"http:\/\/argentinamunicipal.com.ar\/argentina\/representantes-pueblos-originarios-ocupan-oficina-presidencia-sao-paulo\/","title":{"rendered":"Representantes de pueblos originarios ocupan oficina de Presidencia en Sao Paulo"},"content":{"rendered":"<p>\u00abDevuelva nuestra tierra\u00bb, afirmaba el cartel desplegado ayer por un grupo de representantes de los pueblos originarios que ocup\u00f3 las oficinas de la Presidencia en San Pablo.<\/p>\n<p>\u00abDevuelva nuestra tierra Temer, el pueblo guaran\u00ed existe y resiste\u00bb, escribieron los ind\u00edgenas con letras blancas sobre una manta roja desplegada en el predio donde funciona la representaci\u00f3n del gobierno federal en San Pablo.<\/p>\n<p>El acto ocurri\u00f3 en la ma\u00f1ana de ayer en el edificio situado en la avenida Paulista, la m\u00e1s importante de la ciudad de San Pablo.<\/p>\n<p>Mientras tanto en Brasilia otro grupo se concentraba frente al Palacio del Justicia y el Parlamento con iguales demandas.<\/p>\n<p>Los manifestantes exigieron que sea derogada una resoluci\u00f3n del Ministerio de Justicia por la cual fue extinguida una reserva de la etnia guaran\u00ed en Jaragu\u00e1, interior del estado de San Pablo, en la regi\u00f3n sudeste.<\/p>\n<p>El Pueblo Guaran\u00eda \u00abocup\u00f3 ayer la casa de la Presidencia en San Pablo porque el gobierno de Temer invadi\u00f3 el \u00faltimo 28 de agosto nuestra casa, la tierra ind\u00edgena Jaragu\u00e1\u00bb, se\u00f1al\u00f3 una nota divulgada por los manifestantes.<\/p>\n<p>Paralelamente se realiz\u00f3 ayer en el Congreso un acto contra la autorizaci\u00f3n de la explotaci\u00f3n minera en una reserva ambiental de la regi\u00f3n amaz\u00f3nica, donde viven desde hace siglos varias \u00e9tnias de los pueblos originarios.<\/p>\n<p>El acto en el Parlamento fue encabezado por la l\u00edder ecol\u00f3gica Marina Silva, ex candidata presidencial por la agrupaci\u00f3n Red de Sustentabilidad.<\/p>\n<h6>Fuente: Tucum\u00e1n Hoy<\/h6>\n","protected":false},"excerpt":{"rendered":"<p>\u00abDevuelva nuestra tierra\u00bb, afirmaba el cartel desplegado ayer por un grupo de representantes de los pueblos originarios que ocup\u00f3 las oficinas de la Presidencia en San Pablo.<\/p>\n","protected":false},"author":2,"featured_media":67121,"comment_status":"closed","ping_status":"closed","sticky":false,"template":"","format":"standard","meta":{"footnotes":""},"categories":[22],"tags":[57],"class_list":["post-67120","post","type-post","status-publish","format-standard","has-post-thumbnail","hentry","category-el-mundo","tag-el-mundo"],"_links":{"self":[{"href":"http:\/\/argentinamunicipal.com.ar\/argentina\/wp-json\/wp\/v2\/posts\/67120","targetHints":{"allow":["GET"]}}],"collection":[{"href":"http:\/\/argentinamunicipal.com.ar\/argentina\/wp-json\/wp\/v2\/posts"}],"about":[{"href":"http:\/\/argentinamunicipal.com.ar\/argentina\/wp-json\/wp\/v2\/types\/post"}],"author":[{"embeddable":true,"href":"http:\/\/argentinamunicipal.com.ar\/argentina\/wp-json\/wp\/v2\/users\/2"}],"replies":[{"embeddable":true,"href":"http:\/\/argentinamunicipal.com.ar\/argentina\/wp-json\/wp\/v2\/comments?post=67120"}],"version-history":[{"count":0,"href":"http:\/\/argentinamunicipal.com.ar\/argentina\/wp-json\/wp\/v2\/posts\/67120\/revisions"}],"wp:featuredmedia":[{"embeddable":true,"href":"http:\/\/argentinamunicipal.com.ar\/argentina\/wp-json\/wp\/v2\/media\/67121"}],"wp:attachment":[{"href":"http:\/\/argentinamunicipal.com.ar\/argentina\/wp-json\/wp\/v2\/media?parent=67120"}],"wp:term":[{"taxonomy":"category","embeddable":true,"href":"http:\/\/argentinamunicipal.com.ar\/argentina\/wp-json\/wp\/v2\/categories?post=67120"},{"taxonomy":"post_tag","embeddable":true,"href":"http:\/\/argentinamunicipal.com.ar\/argentina\/wp-json\/wp\/v2\/tags?post=67120"}],"curies":[{"name":"wp","href":"https:\/\/api.w.org\/{rel}","templated":true}]}}