{"id":67123,"date":"2017-08-31T08:48:02","date_gmt":"2017-08-31T11:48:02","guid":{"rendered":"http:\/\/argentinamunicipal.com.ar\/argentina\/?p=67123"},"modified":"2017-08-31T08:48:02","modified_gmt":"2017-08-31T11:48:02","slug":"tucuman-jaldo-dice-la-nacion-no-giro-mas-fondos-los-inundados","status":"publish","type":"post","link":"http:\/\/argentinamunicipal.com.ar\/argentina\/tucuman-jaldo-dice-la-nacion-no-giro-mas-fondos-los-inundados\/","title":{"rendered":"Tucum\u00e1n: Jaldo dice que la Naci\u00f3n no gir\u00f3 m\u00e1s fondos para los inundados"},"content":{"rendered":"<p>\u201cNo lleg\u00f3 absolutamente nada\u201d, se quej\u00f3 el vicegobernador, luego de la protesta vecinal<\/p>\n<p>El vicegobernador,\u00a0Osvaldo Jaldo, asegur\u00f3 que la Naci\u00f3n no envi\u00f3 los fondos prometidos para las obras de infraestructura necesarias en las zonas del sur tucumano que sufrieron inundaciones en abril. Explic\u00f3 que el Poder Ejecutivo (PE) encara las tareas que el presupuesto provincial le permite en las localidades que se vieron afectadas.<\/p>\n<p>\u201cNo llegaron los recursos prometidos, absolutamente nada. Hace dos meses recibimos $ 50 millones para reparar la red terciaria y secundaria de caminos, pero todas las carpetas t\u00e9cnicas y proyectos que se llevaron (a Buenos Aires) no s\u00f3lo no volvieron, sino que no lleg\u00f3 ni un solo peso para La Madrid ni para ninguna zona que haya estado inundada\u201d, cuestion\u00f3 Jaldo, a cargo ayer del Poder Ejecutivo por el viaje oficial del gobernador,\u00a0Juan Manzur, a Buenos Aires.<\/p>\n<p>Vecinos de La Madrid y de Arroyo Atahona hab\u00edan realizado piquetes a comienzos de la semana ante el temor de nuevas inundaciones. Reclamaban que no se hab\u00edan encarado tareas para reparar los da\u00f1os del \u00faltimo temporal. Una crecida del r\u00edo Marapa dej\u00f3 a La Madrid (departamento Graneros), hasta un metro noventa bajo el agua. \u201cVenimos soportando inundaciones desde hace 10 a\u00f1os. Ser\u00e1 peor la pr\u00f3xima vez porque a nadie se le mueve un pelo para solucionar los desbordes del cauce\u201d, hab\u00eda protestado\u00a0Franco Arrieta, uno de los 200 vecinos que cortaron el martes la ruta nacional 157.<\/p>\n<p>Jaldo asegur\u00f3 que ya enviaron retroexcavadoras para continuar con los trabajos de las zonas inundadas. \u201cEstamos atendiendo la problem\u00e1tica, conversamos con los manifestantes en Atahona y en Monteagudo. Seguramente que los presupuestos que tenemos no nos alcanzan para hacer obras de semejante envergadura, pero lo que est\u00e9 a nuestro alcance, lo haremos\u201d, explic\u00f3 el candidato a diputado nacional que encabeza la lista del Frente Justicialista.<\/p>\n<p>El Gobierno nacional y la gesti\u00f3n de Manzur mantuvieron cruces cargados de fuego pol\u00edtico en los meses posteriores a las inundaciones, que tuvieron un saldo de m\u00e1s de 12.000 damnificados. Desde Casa de Gobierno hab\u00edan pedido inicialmente un Aporte del Tesoro Nacional (ATN) por $ 600 millones. La Naci\u00f3n envi\u00f3 un ATN por $ 50 millones para caminos productivos. El Ministerio de Educaci\u00f3n de la Naci\u00f3n envi\u00f3 otros $ 12 millones para refacciones escolares. Finalmente, acordaron obras por $850 millones, con aporte mayoritario nacional.<\/p>\n<p>Reforma impositiva<\/p>\n<p>El vicegobernador tambi\u00e9n critic\u00f3 el anuncio del Gobierno nacional de encarar una reforma tributaria luego de las elecciones legislativas nacionales. \u201cTodas las reformas que se vienen haciendo son para quitarles recursos a las provincias, no creo que el presidente (Mauricio)\u00a0Macri\u00a0haga una reforma para ayudar a las provincias, a menos que me demuestren lo contrario\u201d, critic\u00f3.<\/p>\n<p>Si bien admiti\u00f3 que la provincia mantiene abierto el di\u00e1logo respecto a las reformas impositivas, cuestion\u00f3 el centralismo porte\u00f1o. \u201cEl Gobierno nacional quiere asfixiar econ\u00f3micamente a Tucum\u00e1n, no s\u00f3lo con esta reforma, sino con lo que sucede con el Fondo de Reparaci\u00f3n del Conurbano. Del 100% de los recursos que recauda la Naci\u00f3n, el Gobierno nacional se queda con el 65% y se distribuye entre todos los distritos el 35%, cuando somos las provincias las que nos hacemos cargo de la salud, de la educaci\u00f3n y de la seguridad\u201d, finaliz\u00f3 Jaldo.<\/p>\n<h6>Fuente: La gaceta<\/h6>\n","protected":false},"excerpt":{"rendered":"<p>\u201cNo lleg\u00f3 absolutamente nada\u201d, se quej\u00f3 el vicegobernador, luego de la protesta vecinal<\/p>\n","protected":false},"author":2,"featured_media":67124,"comment_status":"closed","ping_status":"closed","sticky":false,"template":"","format":"standard","meta":{"footnotes":""},"categories":[4],"tags":[33],"class_list":["post-67123","post","type-post","status-publish","format-standard","has-post-thumbnail","hentry","category-informe-politico","tag-tucuman"],"_links":{"self":[{"href":"http:\/\/argentinamunicipal.com.ar\/argentina\/wp-json\/wp\/v2\/posts\/67123","targetHints":{"allow":["GET"]}}],"collection":[{"href":"http:\/\/argentinamunicipal.com.ar\/argentina\/wp-json\/wp\/v2\/posts"}],"about":[{"href":"http:\/\/argentinamunicipal.com.ar\/argentina\/wp-json\/wp\/v2\/types\/post"}],"author":[{"embeddable":true,"href":"http:\/\/argentinamunicipal.com.ar\/argentina\/wp-json\/wp\/v2\/users\/2"}],"replies":[{"embeddable":true,"href":"http:\/\/argentinamunicipal.com.ar\/argentina\/wp-json\/wp\/v2\/comments?post=67123"}],"version-history":[{"count":0,"href":"http:\/\/argentinamunicipal.com.ar\/argentina\/wp-json\/wp\/v2\/posts\/67123\/revisions"}],"wp:featuredmedia":[{"embeddable":true,"href":"http:\/\/argentinamunicipal.com.ar\/argentina\/wp-json\/wp\/v2\/media\/67124"}],"wp:attachment":[{"href":"http:\/\/argentinamunicipal.com.ar\/argentina\/wp-json\/wp\/v2\/media?parent=67123"}],"wp:term":[{"taxonomy":"category","embeddable":true,"href":"http:\/\/argentinamunicipal.com.ar\/argentina\/wp-json\/wp\/v2\/categories?post=67123"},{"taxonomy":"post_tag","embeddable":true,"href":"http:\/\/argentinamunicipal.com.ar\/argentina\/wp-json\/wp\/v2\/tags?post=67123"}],"curies":[{"name":"wp","href":"https:\/\/api.w.org\/{rel}","templated":true}]}}