{"id":67126,"date":"2017-08-31T05:48:25","date_gmt":"2017-08-31T08:48:25","guid":{"rendered":"http:\/\/argentinamunicipal.com.ar\/argentina\/?p=67126"},"modified":"2017-08-31T08:50:46","modified_gmt":"2017-08-31T11:50:46","slug":"la-ciudad-cordoba-me-incluye","status":"publish","type":"post","link":"http:\/\/argentinamunicipal.com.ar\/argentina\/la-ciudad-cordoba-me-incluye\/","title":{"rendered":"La ciudad de C\u00f3rdoba Me Incluye"},"content":{"rendered":"<p>La salud, la educaci\u00f3n y el deporte son herramientas para la equidad y la inclusi\u00f3n. La Municipalidad aborda la discapacidad a trav\u00e9s de pol\u00edticas p\u00fablicas transversales.<\/p>\n<p>Como capital social, sensible a las necesidades de sectores vulnerables y aplicada a la restituci\u00f3n de derechos, la ciudad de C\u00f3rdoba avanza en la construcci\u00f3n de equidad a partir de la necesaria inclusi\u00f3n de todos sus vecinos a una ciudad com\u00fan, es decir, a una comunidad.<\/p>\n<p>En esa comunidad que es la ciudad, la Municipalidad de C\u00f3rdoba promueve el respeto de las diferencias, la valoraci\u00f3n del ser diverso y la integraci\u00f3n de las personas con discapacidad.<\/p>\n<p>Para poder integrar, primero fue necesario integrarse. Es as\u00ed que la gesti\u00f3n incorpor\u00f3 un concepto trasversal de trabajo a trav\u00e9s de pol\u00edticas p\u00fablicas destinadas a personas con discapacidad, para fortalecer sus derechos e integrar a trav\u00e9s de m\u00e1s oportunidades.<\/p>\n<p>Con programas espec\u00edficos, se destinan espacios para la equidad, como las Matin\u00e9 Inclusivas (que se llevan a cabo en un local bailable de la ciudad); las Ferias Inclusivas de instituciones y el Festival \u201cMi Ciudad Me Incluye\u201d, en el que personas con discapacidad y sus familias participan de talleres de escultura, manualidades, dibujo, pintura, fotograf\u00eda, m\u00fasica e inform\u00e1tica.<\/p>\n<p>Adem\u00e1s, y de manera especial, la Municipalidad de C\u00f3rdoba brinda cobertura a personas con discapacidad, seguimiento continuo de la condici\u00f3n integral de salud y entrega de medicamentos esenciales en todos los centros de salud de su dependencia. Los equipos de salud trabajan de modo interdisciplinario, articulando acciones con otras organizaciones para la promoci\u00f3n de la salud y de los derechos de las personas con discapacidad.<\/p>\n<p>De vivir se trata<\/p>\n<p>Desde los servicios, como el acceso al abono gratuito para el uso del transporte p\u00fablico, hasta la recreaci\u00f3n, que incluyen eventos y pr\u00e1cticas deportivas, la perspectiva inclusiva municipal persigue la generaci\u00f3n de mayor autonom\u00eda para la persona con discapacidad. Es decir, poder lograr mayor calidad de vida y disfrutarla.<\/p>\n<p>Con ese sentido se crearon las plazas inclusivas. La tarea coordinada, que supone la puesta en marcha de una plaza inclusiva, no s\u00f3lo implica la colocaci\u00f3n de juegos adaptados. El municipio realiza un importante trabajo social para lograrlo.<\/p>\n<p>Primero, se detecta un lugar y si este incluye una comunidad con discapacidad. Luego, se tienden lazos con alguna instituci\u00f3n dedicada al tema o con una organizaci\u00f3n barrial del sector para crear v\u00ednculos en red. Finalmente, se trabaja de manera integrada en la accesibilidad de la plaza, en la puesta en valor de aquellos elementos que fueran necesarios y en la colocaci\u00f3n de los juegos adaptados.<\/p>\n<p>Existen, a la fecha, cuatro plazas inclusivas, la Plaza de la Intendencia, el Paseo de los Ni\u00f1os, el sector de parque Sarmiento, frente a Estaci\u00f3n Ram\u00f3n Carillo, y la Plazoleta de la Docencia, de barrio Pueyrred\u00f3n. Se estima que la ciudad pueda contar con otras seis plazas inclusivas, totalizando diez antes de fin de a\u00f1o.<\/p>\n<p>Por otra parte, en los polideportivos municipales Los Algarrobos, General Paz, General Bustos y Club Municipalidad, las personas con discapacidad realizan actividades de reeducaci\u00f3n motora en medio acu\u00e1tico y actividades deportivas como f\u00fatbol, b\u00e1squet, v\u00f3ley y gimnasia r\u00edtmica. M\u00e1s de 450 vecinos agrupados en 20 instituciones con convenio asisten regularmente a estas pr\u00e1cticas.<\/p>\n<p>En los \u00faltimos a\u00f1os, se construyeron rampas de accesos y vestuarios adaptados en los polideportivos, se inaugur\u00f3 un sal\u00f3n multiuso en el polideportivo General Bustos, donde se instal\u00f3 la primera cancha de Toarball y Goalball, deporte practicado por personas de nula o baja visi\u00f3n y en el Club Municipalidad se habilit\u00f3 una cancha de f\u00fatbol para ciegos con sus correspondientes vestuarios.<\/p>\n<p>Educaci\u00f3n, cultura y turismo accesibles<\/p>\n<p>El Observatorio Permanente en Discapacidad y Pol\u00edtica Educativa Municipal promueve proyectos de adecuaci\u00f3n educativa para la inclusi\u00f3n de ni\u00f1os, j\u00f3venes y adultos con discapacidad en el Sistema Educativo Municipal.<\/p>\n<p>En los Centros de Terminalidad Primaria municipales para j\u00f3venes y adultos, de 493 alumnos matriculados en 2017, 28 alumnos (5,68 por ciento) son personas con discapacidad que poseen certificado y 12 alumnos (2,41 por ciento) son personas con discapacidad motriz.<\/p>\n<p>Asimismo, en el Parque Educativo de barrio Congreso, y en virtud de un convenio con Santa Isabel Club Atl\u00e9tico, las personas con discapacidad pueden practicar b\u00e1squet en silla de ruedas y gimnasia adaptada. Adem\u00e1s, los talleres de teatro, folklore, caporales, zumba y karate son adaptados tanto a personas con discapacidad como a adultos mayores.<\/p>\n<p>A nivel tur\u00edstico, el servicio de Aerobus que une la Terminal de \u00d3mnibus con el Aeropuerto es prestado por unidades adaptadas. La ciudad de C\u00f3rdoba posee folleter\u00eda del Centro Hist\u00f3rico en Braille y listado de restaurantes con men\u00faes en Braille disponibles en el centro de informaci\u00f3n tur\u00edstica del Cabildo. El Cabildo, la Catedral y el Obispo Mercadillo, monumentos que forman parte del circuito Centro Hist\u00f3rico, llevan placas con rese\u00f1as traducidas en lenguaje Braille y las gu\u00edas municipales est\u00e1n capacitadas para realizar visitas guiadas a turistas con discapacidad visual.<\/p>\n<p>La Municipalidad de C\u00f3rdoba trabaja actualmente en un sistema de se\u00f1al\u00e9tica adaptada de recursos tur\u00edsticos y culturales que integrar\u00e1 informaci\u00f3n en Braille.<\/p>\n<p>El Museo de la Ciudad, que se encuentra en el Cabildo Hist\u00f3rico, cuenta con una gu\u00eda de visita en Braille para que ciegos o disminuidos visuales puedan recorrer sus salas, y el Centro Cultural Espa\u00f1a C\u00f3rdoba posee espacios adaptados y material informativo de muestras y exposiciones en formato accesible.<\/p>\n<p>Beneficiarios en n\u00fameros<\/p>\n<p>La Municipalidad de C\u00f3rdoba brinda el abono gratuito con tarjeta \u00fanica que beneficia a m\u00e1s de 15.000 usuarios con discapacidad en el transporte urbano de pasajeros.<br \/>\nEn los talleres de actividades manuales participan 120 j\u00f3venes con discapacidad. Estos talleres funcionan viernes, s\u00e1bados, domingos y feriados en la sede de la Direcci\u00f3n de Discapacidad, Ayacucho 381, PB.<br \/>\nEn los \u00faltimos cinco a\u00f1os, 36.000 personas han participado de las Matin\u00e9s Inclusivas y 20.000, del Festival Anual Mi Ciudad Me Incluye. Se realizan 12 matin\u00e9s inclusivas al a\u00f1o, un domingo al mes, y el festival, una vez por a\u00f1o, junto a 35 organizaciones no gubernamentales.<\/p>\n<h6>Fuente: La Voz<\/h6>\n","protected":false},"excerpt":{"rendered":"<p>La salud, la educaci\u00f3n y el deporte son herramientas para la equidad y la inclusi\u00f3n. La Municipalidad aborda la discapacidad a trav\u00e9s de pol\u00edticas p\u00fablicas transversales.<\/p>\n","protected":false},"author":2,"featured_media":67127,"comment_status":"closed","ping_status":"closed","sticky":false,"template":"","format":"standard","meta":{"footnotes":""},"categories":[2],"tags":[3],"class_list":["post-67126","post","type-post","status-publish","format-standard","has-post-thumbnail","hentry","category-informe-municipal","tag-cordoba"],"_links":{"self":[{"href":"http:\/\/argentinamunicipal.com.ar\/argentina\/wp-json\/wp\/v2\/posts\/67126","targetHints":{"allow":["GET"]}}],"collection":[{"href":"http:\/\/argentinamunicipal.com.ar\/argentina\/wp-json\/wp\/v2\/posts"}],"about":[{"href":"http:\/\/argentinamunicipal.com.ar\/argentina\/wp-json\/wp\/v2\/types\/post"}],"author":[{"embeddable":true,"href":"http:\/\/argentinamunicipal.com.ar\/argentina\/wp-json\/wp\/v2\/users\/2"}],"replies":[{"embeddable":true,"href":"http:\/\/argentinamunicipal.com.ar\/argentina\/wp-json\/wp\/v2\/comments?post=67126"}],"version-history":[{"count":0,"href":"http:\/\/argentinamunicipal.com.ar\/argentina\/wp-json\/wp\/v2\/posts\/67126\/revisions"}],"wp:featuredmedia":[{"embeddable":true,"href":"http:\/\/argentinamunicipal.com.ar\/argentina\/wp-json\/wp\/v2\/media\/67127"}],"wp:attachment":[{"href":"http:\/\/argentinamunicipal.com.ar\/argentina\/wp-json\/wp\/v2\/media?parent=67126"}],"wp:term":[{"taxonomy":"category","embeddable":true,"href":"http:\/\/argentinamunicipal.com.ar\/argentina\/wp-json\/wp\/v2\/categories?post=67126"},{"taxonomy":"post_tag","embeddable":true,"href":"http:\/\/argentinamunicipal.com.ar\/argentina\/wp-json\/wp\/v2\/tags?post=67126"}],"curies":[{"name":"wp","href":"https:\/\/api.w.org\/{rel}","templated":true}]}}