{"id":67156,"date":"2017-09-01T07:30:03","date_gmt":"2017-09-01T10:30:03","guid":{"rendered":"http:\/\/argentinamunicipal.com.ar\/argentina\/?p=67156"},"modified":"2017-09-01T07:30:03","modified_gmt":"2017-09-01T10:30:03","slug":"santa-fe-fue-seleccionada-la-iv-cumbre-mundial-trabajo-infantil","status":"publish","type":"post","link":"http:\/\/argentinamunicipal.com.ar\/argentina\/santa-fe-fue-seleccionada-la-iv-cumbre-mundial-trabajo-infantil\/","title":{"rendered":"Santa Fe fue seleccionada para la IV Cumbre Mundial contra el Trabajo Infantil"},"content":{"rendered":"<p>Es a partir de los logros que se verifican con la implementaci\u00f3n de los m\u00e1s de 30 Centros de Cuidado Infantil que funcionan en la provincia.<\/p>\n<p>La experiencia de los Centros de Cuidado Infantil (CCI) que lleva adelante la provincia fue seleccionada para ser presentada en la IV Cumbre Mundial contra el Trabajo Infantil. As\u00ed lo confirm\u00f3, este mi\u00e9rcoles, el subsecretario de Pol\u00edticas de Empleo y Trabajo Decente, Guillermo Cherner, en el marco de la visita de Gustavo Ponce, especialista de la Oficina de Pa\u00eds de la OIT (Organizaci\u00f3n Internacional del Trabajo) para la Argentina.<\/p>\n<p>En la oportunidad los funcionarios, acompa\u00f1ados por el senador por el departamento La Capital, Emilio Jat\u00f3n, recorrieron las instalaciones del Centro de Cuidado Infantil que funciona en el paraje \u00c1ngel Gallardo, en la comuna de Monte Vera.<\/p>\n<p>Durante la visita los funcionarios dialogaron con madres de los ni\u00f1os que concurren al Centro de Cuidado de \u00c1ngel Gallardo.<\/p>\n<p>En reconocimiento a los resultados que tiene esta pol\u00edtica, Cherner indic\u00f3 que \u201cla experiencia de Centros de Cuidado de la provincia de Santa Fe es una de las cinco de Latinoam\u00e9rica seleccionadas para ser presentada en la IV Cumbre Mundial contra el Trabajo Infantil que se desarrollar\u00e1 en Mar del Plata en el mes de noviembre\u201d.<\/p>\n<p>Tras la charla Emilio Jat\u00f3n destac\u00f3: \u201cNos contaban sus historias, uno de ellos que trabaj\u00f3 en las quintas de chico. Es importante para los padres saber que ahora pueden dejar a sus hijos en buenas manos\u201d.<\/p>\n<p>\u201cUn tema complejo cuya b\u00fasqueda de soluciones no puede ser simple, nos encontramos en la articulaci\u00f3n con la OIT y los gobiernos locales los actores claves para combatir esta problem\u00e1tica, apunt\u00f3 por su parte Guillermo Cherner. \u201cLa OIT plantea que para el 2025 no deber\u00eda existir ning\u00fan ni\u00f1o trabajando, en tal sentido desde el Gobierno de la provincia generamos pol\u00edticas que nos permitan llegar a ese objetivo. Sabemos que es dif\u00edcil, porque el trabajo infantil suele estar invisibilizado o hasta culturalmente aceptado, y eso es lo que hay que combatir. Los centros de cuidado, junto a las inspecciones y fiscalizaciones, brindan una contenci\u00f3n social fundamental para abordar esta problem\u00e1tica\u201d, agreg\u00f3.<\/p>\n<p>Por su parte Ponce expres\u00f3: \u201cSiempre es un gusto poder hablar con la gente. Una de las madres contaba que ahora pod\u00eda tener tiempo para estudiar. Entonces es interesante escuchar de que manera con estas acciones las historias de ni\u00f1os trabajadores se interrumpen y c\u00f3mo tambi\u00e9n se habilitan otras puertas, otras historias\u201d.<\/p>\n<p>RELEVAMIENTO SOBRE EL TRABAJO INFANTIL EN ARGENTINA<\/p>\n<p>Durante el encuentro Ponce coment\u00f3 que se est\u00e1 aplicando una nueva encuesta a nivel nacional tomando el modelo de la encuesta 2004 que se realiz\u00f3 en el pa\u00eds sobre trabajo infantil. Esta encuesta, a diferencia de aqu\u00e9lla cuyo universo alcanzaba las grandes urbes, pone el foco sobre las poblaciones de menos de 2000 habitantes.<\/p>\n<p>\u201cA nivel mundial, el 60%del trabajo infantil se localiza en zonas agr\u00edcolas\u201d, indic\u00f3.<\/p>\n<p>SOBRE LOS CCI<\/p>\n<p>El CCI de \u00c1ngel Gallardo, inaugurado por el gobernador Miguel Lifschitz el pasado mes de abril, es uno de los m\u00e1s de 30 Centros de Cuidado Infantil de la provincia y es el primero destinado principalmente a ni\u00f1os y ni\u00f1as de la comunidad boliviana, que vive en la zona y trabaja en la producci\u00f3n hort\u00edcola. Los Centros de Cuidado Infantil est\u00e1n destinados a prevenir el trabajo infantil dom\u00e9stico y\/o peligroso y las peores formas de trabajo adolescente, en \u00e1mbitos urbanos y rurales. All\u00ed se brinda atenci\u00f3n integral para la protecci\u00f3n social de ni\u00f1os y ni\u00f1as de 0 a 4 a\u00f1os y de ni\u00f1os escolarizados con trayectorias escolares discontinuas (repitencia, sobre edad, inasistencias reiteradas, abandono escolar).<\/p>\n<p>La apertura de los centros de cuidado permite a los padres cumplir sus jornadas de trabajo con la tranquilidad de que sus hijos m\u00e1s peque\u00f1os quedan en un lugar seguro, con los cuidados adecuados que garantizan su correcta alimentaci\u00f3n, higiene, salud, formaci\u00f3n y estimulaci\u00f3n acorde a su edad.<\/p>\n<h6>\nFuente:\u00a0Sin Mordaza<\/h6>\n","protected":false},"excerpt":{"rendered":"<p>Es a partir de los logros que se verifican con la implementaci\u00f3n de los m\u00e1s de 30 Centros de Cuidado Infantil que funcionan en la provincia.<\/p>\n","protected":false},"author":2,"featured_media":67157,"comment_status":"closed","ping_status":"closed","sticky":false,"template":"","format":"standard","meta":{"footnotes":""},"categories":[2],"tags":[10],"class_list":["post-67156","post","type-post","status-publish","format-standard","has-post-thumbnail","hentry","category-informe-municipal","tag-santa-fe"],"_links":{"self":[{"href":"http:\/\/argentinamunicipal.com.ar\/argentina\/wp-json\/wp\/v2\/posts\/67156","targetHints":{"allow":["GET"]}}],"collection":[{"href":"http:\/\/argentinamunicipal.com.ar\/argentina\/wp-json\/wp\/v2\/posts"}],"about":[{"href":"http:\/\/argentinamunicipal.com.ar\/argentina\/wp-json\/wp\/v2\/types\/post"}],"author":[{"embeddable":true,"href":"http:\/\/argentinamunicipal.com.ar\/argentina\/wp-json\/wp\/v2\/users\/2"}],"replies":[{"embeddable":true,"href":"http:\/\/argentinamunicipal.com.ar\/argentina\/wp-json\/wp\/v2\/comments?post=67156"}],"version-history":[{"count":0,"href":"http:\/\/argentinamunicipal.com.ar\/argentina\/wp-json\/wp\/v2\/posts\/67156\/revisions"}],"wp:featuredmedia":[{"embeddable":true,"href":"http:\/\/argentinamunicipal.com.ar\/argentina\/wp-json\/wp\/v2\/media\/67157"}],"wp:attachment":[{"href":"http:\/\/argentinamunicipal.com.ar\/argentina\/wp-json\/wp\/v2\/media?parent=67156"}],"wp:term":[{"taxonomy":"category","embeddable":true,"href":"http:\/\/argentinamunicipal.com.ar\/argentina\/wp-json\/wp\/v2\/categories?post=67156"},{"taxonomy":"post_tag","embeddable":true,"href":"http:\/\/argentinamunicipal.com.ar\/argentina\/wp-json\/wp\/v2\/tags?post=67156"}],"curies":[{"name":"wp","href":"https:\/\/api.w.org\/{rel}","templated":true}]}}