{"id":67219,"date":"2017-09-04T07:13:15","date_gmt":"2017-09-04T10:13:15","guid":{"rendered":"http:\/\/argentinamunicipal.com.ar\/argentina\/?p=67219"},"modified":"2017-09-04T07:13:15","modified_gmt":"2017-09-04T10:13:15","slug":"ajuste-los-mas-pobres","status":"publish","type":"post","link":"http:\/\/argentinamunicipal.com.ar\/argentina\/ajuste-los-mas-pobres\/","title":{"rendered":"Un ajuste sobre los m\u00e1s pobres"},"content":{"rendered":"<p>Las organizaciones sociales definir\u00e1n hoy el plan de lucha para responder a la negativa del Gobierno a cumplir con la ley aprobada el a\u00f1o pasado. Eval\u00faan protestas ante hipermercados, piquetes y ollas populares.<\/p>\n<p>Las organizaciones sociales se preparan para nuevos conflictos luego de que el Gobierno confirmara que no cumplir\u00e1 con lo comprometido en la Ley de Emergencia Social aprobada por el Congreso a fines del a\u00f1o pasado luego de varias jornadas de protesta. Hoy se llevar\u00e1 a cabo un plenario en el que se decidir\u00e1n los pasos a seguir, despu\u00e9s de \u201cla peor de las reuniones\u201d con funcionarios del Poder Ejecutivo, que el viernes pasado les notificaron la decisi\u00f3n de recortar los desembolsos previstos. En principio, este mi\u00e9rcoles podr\u00eda haber manifestaciones ante \u201ctodos los hipermercados del pa\u00eds\u201d para exigir la entrega de bolsones de comida que compensen los recursos escatimados por la administraci\u00f3n Macri. No se descarta que, adem\u00e1s, las organizaciones decidan avanzar con otra jornada de piquetes y ollas populares.<\/p>\n<p>La reuni\u00f3n se realiz\u00f3 en el Ministerio de Desarrollo Social el viernes por la ma\u00f1ana, una semana despu\u00e9s de lo previsto porque el Gobierno hab\u00eda castigado la participaci\u00f3n de las organizaciones en la marcha de la CGT, el 22 de agosto, cancelando la cita que ten\u00edan dos d\u00edas m\u00e1s tarde. Del encuentro participaron la anfitriona, Carolina Stanley; el vicejefe de Gabinete, Mario Quintana; y el ministro de Trabajo, Jorge Triaca. Sus interlocutores fueron Daniel Men\u00e9ndez (Barrios de Pie); Juan Grabois (CTEP); Federico Mari\u00f1o (CCC); y Emilio P\u00e9rsico (Movimiento Evita).<\/p>\n<p>\u201cFue la peor de las reuniones que tuvimos desde que asumieron\u201d, le dijo a P\u00e1ginaI12 un dirigente de esas organizaciones. \u201cSe juntaron dos ministros y el vicejefe de Gabinete para avisarnos que no piensan cumplir con lo que vot\u00f3 el Congreso\u201d, resumi\u00f3 otro, ante la consulta de este diario. \u201cEl Gobierno persiste en su postura con una nueva provocaci\u00f3n hacia los sectores populares. Los funcionarios nacionales dejaron en claro que no pondr\u00e1n en pr\u00e1ctica los proyectos productivos comunitarios y otras pol\u00edticas sociales estipuladas en la ley\u201d, dice el comunicado que publicaron las organizaciones sociales tras el encuentro.<\/p>\n<p>Seg\u00fan denuncian, el Gobierno s\u00f3lo ejecut\u00f3 un tercio del presupuesto estipulado por la Ley de Emergencia Social hasta ahora y en la reuni\u00f3n los funcionarios advirtieron que no van a avanzar en la implementaci\u00f3n de la ley, aunque ofrecen a cambio otras pol\u00edticas que las organizaciones no consideran equivalentes. \u201cNo cumplen con la ley y adem\u00e1s pretenden hacer un ajuste sobre los fondos para los m\u00e1s pobres del pa\u00eds, en un contexto urgente que todos conocen\u201d, agregaron.<\/p>\n<p>\u201cSe destin\u00f3 solo el 30 por ciento y nos plantean otras pol\u00edticas como los cr\u00e9ditos Argenta y otros esquemas de inversi\u00f3n social que hacen, pero lo dicen para justificar que no van a implementar la ley\u201d, se quej\u00f3 Men\u00e9ndez, referente de Barrio de Pie. \u201cFue una muy mala reuni\u00f3n. Stanley, Triaca y Quintana nos transmitieron la decisi\u00f3n de no implementar de manera plena la Ley de Emergencia Social por una cuesti\u00f3n de ajuste presupuestario.\u201d<\/p>\n<p>En los plenarios de hoy se discutir\u00e1n los pasos a seguir en un plan de lucha para forzar al Gobierno a cumplir con el presupuesto previsto por la norma. Hasta tanto, esta semana podr\u00eda haber manifestaciones hacia los principales hipermercados del pa\u00eds para reclamar bolsones de alimentos, como forma de presionar a los funcionarios a que cedan en este punto. \u201cEn caso de persistir la actitud del Gobierno en desconocer la ley y perseguir a las organizaciones sociales, se realizar\u00e1 una jornada nacional de acampe en las principales avenidas y rutas de toda la Argentina\u201d, amenazan desde las organizaciones sociales. En estos d\u00edas podr\u00eda haber una nueva reuni\u00f3n para buscar c\u00f3mo destrabar el conflicto.<\/p>\n<h6>Fuente: P\u00e1gina 12<\/h6>\n","protected":false},"excerpt":{"rendered":"<p>Las organizaciones sociales definir\u00e1n hoy el plan de lucha para responder a la negativa del Gobierno a cumplir con la ley aprobada el a\u00f1o pasado. Eval\u00faan protestas ante hipermercados, piquetes y ollas populares.<\/p>\n","protected":false},"author":2,"featured_media":67220,"comment_status":"closed","ping_status":"closed","sticky":false,"template":"","format":"standard","meta":{"footnotes":""},"categories":[8],"tags":[21],"class_list":["post-67219","post","type-post","status-publish","format-standard","has-post-thumbnail","hentry","category-informe-nacional","tag-argentina"],"_links":{"self":[{"href":"http:\/\/argentinamunicipal.com.ar\/argentina\/wp-json\/wp\/v2\/posts\/67219","targetHints":{"allow":["GET"]}}],"collection":[{"href":"http:\/\/argentinamunicipal.com.ar\/argentina\/wp-json\/wp\/v2\/posts"}],"about":[{"href":"http:\/\/argentinamunicipal.com.ar\/argentina\/wp-json\/wp\/v2\/types\/post"}],"author":[{"embeddable":true,"href":"http:\/\/argentinamunicipal.com.ar\/argentina\/wp-json\/wp\/v2\/users\/2"}],"replies":[{"embeddable":true,"href":"http:\/\/argentinamunicipal.com.ar\/argentina\/wp-json\/wp\/v2\/comments?post=67219"}],"version-history":[{"count":0,"href":"http:\/\/argentinamunicipal.com.ar\/argentina\/wp-json\/wp\/v2\/posts\/67219\/revisions"}],"wp:featuredmedia":[{"embeddable":true,"href":"http:\/\/argentinamunicipal.com.ar\/argentina\/wp-json\/wp\/v2\/media\/67220"}],"wp:attachment":[{"href":"http:\/\/argentinamunicipal.com.ar\/argentina\/wp-json\/wp\/v2\/media?parent=67219"}],"wp:term":[{"taxonomy":"category","embeddable":true,"href":"http:\/\/argentinamunicipal.com.ar\/argentina\/wp-json\/wp\/v2\/categories?post=67219"},{"taxonomy":"post_tag","embeddable":true,"href":"http:\/\/argentinamunicipal.com.ar\/argentina\/wp-json\/wp\/v2\/tags?post=67219"}],"curies":[{"name":"wp","href":"https:\/\/api.w.org\/{rel}","templated":true}]}}