{"id":67274,"date":"2017-09-05T07:21:00","date_gmt":"2017-09-05T10:21:00","guid":{"rendered":"http:\/\/argentinamunicipal.com.ar\/argentina\/?p=67274"},"modified":"2017-09-05T07:21:00","modified_gmt":"2017-09-05T10:21:00","slug":"inundaciones-tension-la-pampa-cumbre-intendentes","status":"publish","type":"post","link":"http:\/\/argentinamunicipal.com.ar\/argentina\/inundaciones-tension-la-pampa-cumbre-intendentes\/","title":{"rendered":"Inundaciones y tensi\u00f3n con La Pampa: cumbre de intendentes"},"content":{"rendered":"<p>El conflicto se agudiza con el pasar de las semanas. El intendente de Rivadavia (Cambiemos) protagoniz\u00f3 un tenso momento con efectivos pampeanos. Los alcaldes de la zona se agrupan y piden la intervenci\u00f3n de Naci\u00f3n.<\/p>\n<p>El viernes 1 de septiembre, el intendente de Rivadavia, Javier Reynoso (Cambiemos) protagoniz\u00f3 un tenso momento con la polic\u00eda de La Pampa, provincia gobernada por el peronista Carlos Verna.<\/p>\n<p>Seg\u00fan cont\u00f3 Reynoso en su cuenta personal de Facebook, la tensi\u00f3n se produjo cuando un cambio municipal con \u00e9l al volante fue bloqueado -en el camino del Meridiano V (distrito de Rivadavia)- por efectivos de la Polic\u00eda de La Pampa. En el rodado, el jefe comunal trasladaba un tubo que \u2013-seg\u00fan cont\u00f3- se iba a colocar en una obra para preservar el casco urbano de la localidad de Gonz\u00e1lez Moreno, rodeada por el agua. El video, grabado por asesores de Reynoso, muestra un fuerte cruce y hasta empujones, entre el alcalde y los uniformados pampeanos.<\/p>\n<p>\u201cEl atropello es inadmisible y las obras se tornaron urgentes por estas actitudes del gobierno de La Pampa que cada vez que pretendemos avanzar en las obras, siempre atropellan para evitarlas o, en el peor de las cosas, destruir las que realizamos\u201d, se quej\u00f3 Reynoso en su posteo.<\/p>\n<p>El escenario de tensi\u00f3n no es nuevo, desde principios del 2016, vecinos de Villa Sauze, partido de General Villegas, denunciaron que fueron atacados por la polic\u00eda de La Pampa, en una protesta que realizaron por un \u201cdesv\u00edo\u201d de causes que provocan inundaciones en los partidos que limitan entre la provincia de Buenos Aires y La Pampa.<\/p>\n<p>En ese marco, nuevamente se reunieron los intendentes del Noroeste bonaerense en una cumbre en General Villegas, para afinar su estrategia conjunta en pos de encontrar soluciones al conflicto. Seg\u00fan trascendi\u00f3, los alcaldes rubricaron un documento con petici\u00f3n hacia el Gobierno Nacional para que \u201ctome cartas en el asunto\u201d y \u201chaga regir las normas vigentes\u201d.<\/p>\n<p>Del encuentro participaron los intendentes Eduardo Campana (General Villegas); N\u00e9stor \u00c1lvarez (Guamin\u00ed); Roberto \u00c1lvarez (Tres Lomas); Jorge Hern\u00e1ndez (Salliquel\u00f3); Miguel Fern\u00e1ndez (Trenque Lauquen); Javier Reynoso (Rivadavia); Ra\u00fal Salas (Carlos Tejedor) y Guillermo Pacheco (Pellegrini).<\/p>\n<p>No es la primera vez que los jefes comunales se re\u00fanen para analizar la problem\u00e1tica de las inundaciones, que si bien los sufren en sus distritos por las constantes lluvias, tambi\u00e9n irrumpi\u00f3 la diplomacia tensa con La Pampa, por el trazado de obras que realizan ambas provincias y acusaciones entre el gobierno pampeano y el Municipio de Rivadavia.<\/p>\n<p>Tras el encuentro, los indentes lanzaron un comunicado: \u00abLos intendentes de los distritos de General Villegas, Trenque Lauquen, Rivadavia, Pellegrini y Carlos Tejedor, reunidos en la ciudad de General Villegas, hoy lunes 4 de septiembre de 2017, expresamos nuestro rechazo a todo accionar autoritario, intimidatorio y violento relacionado con la problem\u00e1tica h\u00eddrica existente en nuestra regi\u00f3n y en especial nos oponemos a la posici\u00f3n que ha tomado el Gobierno de La Pampa desde fines del a\u00f1o 2015\u00bb.<\/p>\n<p>\u00abApostamos, como lo hace el gobierno de nuestra Provincia, al di\u00e1logo y al acuerdo, y no aceptamos que se sigan realizando canales nuevos o mayores pasos artificiales de agua hacia Buenos Aires sin acuerdos interjurisdiccionales y un estricto control de las autoridades responsables.<br \/>\nEs il\u00f3gico que una Provincia llana como la de Buenos Aires reciba agua derivada de provincias lim\u00edtrofes, que de manera no coordinara realizaron obras conduciendo los escurrimientos fuera de los cauces naturales\u00bb.<\/p>\n<p>\u00abReivindicamos el funcionamiento del Comit\u00e9 Interjurisdiccional para el tratamiento de la problem\u00e1tica h\u00eddrica que se ha conformado en el \u00e1mbito del ministerio del Interior de la Naci\u00f3n y defendemos junto al gobierno de la Provincia de Buenos Aires la protecci\u00f3n de nuestros territorios, a la vez que solicitamos que de ser necesario el uso de las fuerzas de seguridad, sean exclusivamente las de \u00f3rbita nacional\u00bb.<\/p>\n<h6>Fuente: InfoCielo<\/h6>\n","protected":false},"excerpt":{"rendered":"<p>El conflicto se agudiza con el pasar de las semanas. El intendente de Rivadavia (Cambiemos) protagoniz\u00f3 un tenso momento con efectivos pampeanos. Los alcaldes de la zona se agrupan y piden la intervenci\u00f3n de Naci\u00f3n.<\/p>\n","protected":false},"author":2,"featured_media":67275,"comment_status":"closed","ping_status":"closed","sticky":false,"template":"","format":"standard","meta":{"footnotes":""},"categories":[2],"tags":[12,42],"class_list":["post-67274","post","type-post","status-publish","format-standard","has-post-thumbnail","hentry","category-informe-municipal","tag-buenos-aires","tag-la-pampa"],"_links":{"self":[{"href":"http:\/\/argentinamunicipal.com.ar\/argentina\/wp-json\/wp\/v2\/posts\/67274","targetHints":{"allow":["GET"]}}],"collection":[{"href":"http:\/\/argentinamunicipal.com.ar\/argentina\/wp-json\/wp\/v2\/posts"}],"about":[{"href":"http:\/\/argentinamunicipal.com.ar\/argentina\/wp-json\/wp\/v2\/types\/post"}],"author":[{"embeddable":true,"href":"http:\/\/argentinamunicipal.com.ar\/argentina\/wp-json\/wp\/v2\/users\/2"}],"replies":[{"embeddable":true,"href":"http:\/\/argentinamunicipal.com.ar\/argentina\/wp-json\/wp\/v2\/comments?post=67274"}],"version-history":[{"count":0,"href":"http:\/\/argentinamunicipal.com.ar\/argentina\/wp-json\/wp\/v2\/posts\/67274\/revisions"}],"wp:featuredmedia":[{"embeddable":true,"href":"http:\/\/argentinamunicipal.com.ar\/argentina\/wp-json\/wp\/v2\/media\/67275"}],"wp:attachment":[{"href":"http:\/\/argentinamunicipal.com.ar\/argentina\/wp-json\/wp\/v2\/media?parent=67274"}],"wp:term":[{"taxonomy":"category","embeddable":true,"href":"http:\/\/argentinamunicipal.com.ar\/argentina\/wp-json\/wp\/v2\/categories?post=67274"},{"taxonomy":"post_tag","embeddable":true,"href":"http:\/\/argentinamunicipal.com.ar\/argentina\/wp-json\/wp\/v2\/tags?post=67274"}],"curies":[{"name":"wp","href":"https:\/\/api.w.org\/{rel}","templated":true}]}}