{"id":67283,"date":"2017-09-05T07:30:47","date_gmt":"2017-09-05T10:30:47","guid":{"rendered":"http:\/\/argentinamunicipal.com.ar\/argentina\/?p=67283"},"modified":"2017-09-05T07:30:47","modified_gmt":"2017-09-05T10:30:47","slug":"macri-respuesta-la-feroz-represion-plaza-mayo-lamento","status":"publish","type":"post","link":"http:\/\/argentinamunicipal.com.ar\/argentina\/macri-respuesta-la-feroz-represion-plaza-mayo-lamento\/","title":{"rendered":"Macri y su respuesta sobre la feroz represi\u00f3n en Plaza de Mayo: \u00abLamento\u00bb"},"content":{"rendered":"<p>El Presidente se refiri\u00f3 al pasar a la desaparici\u00f3n de Santiago Maldonado y a la irregular actuaci\u00f3n policial luego del acto en la Plaza el \u00faltimo viernes.<\/p>\n<p>Es la primera vez que el presidente\u00a0Mauricio Macri\u00a0hizo referencia a la desaparici\u00f3n de\u00a0Santiago Maldonado. Fue en un ejercicio de declaraciones al paso al ser consultado sobre el mes que se cumpli\u00f3 desde que se tuvieran noticias por \u00faltima vez del artesano que desapareci\u00f3n en medio de un operativo represivo de\u00a0Gendarmer\u00eda\u00a0en Chubut.<\/p>\n<p>Seg\u00fan dijo, la\u00a0Casa Rosada\u00a0est\u00e1 \u00abtrabajando y colaborando con la justicia todo lo posible\u00bb.<\/p>\n<p>El mandatario tambi\u00e9n dijo poco y nada sobre la feroz represi\u00f3n de la\u00a0Polic\u00eda\u00a0el viernes \u00faltimo, cuando efectivos de civil infiltrados en la manifestaci\u00f3n que reuni\u00f3 a m\u00e1s de 200 mil personas terminaron como actores secundarios de golpizas que dejaron 20 heridos y una avanzada violenta en plena calle con 31 detenidos que pasaron casi tres noches encarcelados.<\/p>\n<p>\u00abLamento, lamento mucho\u00bb,\u00a0fue lo que atisb\u00f3 a decir Macri, para luego plantear un t\u00edmido intento de moderaci\u00f3n que result\u00f3 un tanto contradictoria: \u00abEstamos en un momento en el cual lo que no queremos es violencia, pero hay que seguir trabajando juntos\u00bb, se\u00f1al\u00f3, poniendo un \u00abpero\u00bb luego de decir que lo que no quiere el Gobierno es \u00abviolencia\u00bb.<\/p>\n<h6>Fuente: InfoNews<\/h6>\n","protected":false},"excerpt":{"rendered":"<p>El Presidente se refiri\u00f3 al pasar a la desaparici\u00f3n de Santiago Maldonado y a la irregular actuaci\u00f3n policial luego del acto en la Plaza el \u00faltimo viernes.<\/p>\n","protected":false},"author":2,"featured_media":67284,"comment_status":"closed","ping_status":"closed","sticky":false,"template":"","format":"standard","meta":{"footnotes":""},"categories":[8],"tags":[21],"class_list":["post-67283","post","type-post","status-publish","format-standard","has-post-thumbnail","hentry","category-informe-nacional","tag-argentina"],"_links":{"self":[{"href":"http:\/\/argentinamunicipal.com.ar\/argentina\/wp-json\/wp\/v2\/posts\/67283","targetHints":{"allow":["GET"]}}],"collection":[{"href":"http:\/\/argentinamunicipal.com.ar\/argentina\/wp-json\/wp\/v2\/posts"}],"about":[{"href":"http:\/\/argentinamunicipal.com.ar\/argentina\/wp-json\/wp\/v2\/types\/post"}],"author":[{"embeddable":true,"href":"http:\/\/argentinamunicipal.com.ar\/argentina\/wp-json\/wp\/v2\/users\/2"}],"replies":[{"embeddable":true,"href":"http:\/\/argentinamunicipal.com.ar\/argentina\/wp-json\/wp\/v2\/comments?post=67283"}],"version-history":[{"count":0,"href":"http:\/\/argentinamunicipal.com.ar\/argentina\/wp-json\/wp\/v2\/posts\/67283\/revisions"}],"wp:featuredmedia":[{"embeddable":true,"href":"http:\/\/argentinamunicipal.com.ar\/argentina\/wp-json\/wp\/v2\/media\/67284"}],"wp:attachment":[{"href":"http:\/\/argentinamunicipal.com.ar\/argentina\/wp-json\/wp\/v2\/media?parent=67283"}],"wp:term":[{"taxonomy":"category","embeddable":true,"href":"http:\/\/argentinamunicipal.com.ar\/argentina\/wp-json\/wp\/v2\/categories?post=67283"},{"taxonomy":"post_tag","embeddable":true,"href":"http:\/\/argentinamunicipal.com.ar\/argentina\/wp-json\/wp\/v2\/tags?post=67283"}],"curies":[{"name":"wp","href":"https:\/\/api.w.org\/{rel}","templated":true}]}}