{"id":67296,"date":"2017-09-05T05:48:23","date_gmt":"2017-09-05T08:48:23","guid":{"rendered":"http:\/\/argentinamunicipal.com.ar\/argentina\/?p=67296"},"modified":"2017-09-05T07:51:01","modified_gmt":"2017-09-05T10:51:01","slug":"se-inaugura-centro-gestion-residuos-reconquista","status":"publish","type":"post","link":"http:\/\/argentinamunicipal.com.ar\/argentina\/se-inaugura-centro-gestion-residuos-reconquista\/","title":{"rendered":"Se inaugura el Centro de Gesti\u00f3n de Residuos en Reconquista"},"content":{"rendered":"<p>El gobierno de la provincia de Santa Fe inaugurar\u00e1 este martes, en Reconquista, el Centro Ambiental Girsu Nodo 1.<\/p>\n<p>El proyecto incluye el tratamiento de residuos de las localidades que integran el consorcio de gesti\u00f3n de residuos Regi\u00f3n Limpia (Avellaneda, Guadalupe Norte, Nicanor Molinas y Reconquista).<\/p>\n<p>El proyecto cont\u00f3 con una inversi\u00f3n de m\u00e1s de 20 millones de pesos que fueron destinados a infraestructura y equipamiento para todas las localidades del Consorcio. La obra contempla la gesti\u00f3n de los residuos, su clasificaci\u00f3n, separaci\u00f3n y disposici\u00f3n final.<\/p>\n<p>Adem\u00e1s durante la actividad se har\u00e1 entrega de un aporte de cinco millones de pesos a la localidad de Romang en el marco del Consorcio de Gesti\u00f3n de Residuos que integra la localidad junto a Alejandra, Colonia Duran (departamento San Javier) y Los Laureles (departamento General Obligado). El aporte ser\u00e1 destinado a la compra de una prensa de alta densidad, un equipo para envolver fardos, una pala combinada y equipamiento para clasificaci\u00f3n de residuos.<\/p>\n<p>La inauguraci\u00f3n se llevar\u00e1 a cabo, desde las 12:30, en el complejo ubicado en la Ruta 40s, km 7.85 (camino a la localidad de Nicanor Molinas).<\/p>\n<h6>\u00a0Fuente:\u00a0Sin Mordaza<\/h6>\n","protected":false},"excerpt":{"rendered":"<p>El gobierno de la provincia de Santa Fe inaugurar\u00e1 este martes, en Reconquista, el Centro Ambiental Girsu Nodo 1.<\/p>\n","protected":false},"author":2,"featured_media":67297,"comment_status":"closed","ping_status":"closed","sticky":false,"template":"","format":"standard","meta":{"footnotes":""},"categories":[2],"tags":[10],"class_list":["post-67296","post","type-post","status-publish","format-standard","has-post-thumbnail","hentry","category-informe-municipal","tag-santa-fe"],"_links":{"self":[{"href":"http:\/\/argentinamunicipal.com.ar\/argentina\/wp-json\/wp\/v2\/posts\/67296","targetHints":{"allow":["GET"]}}],"collection":[{"href":"http:\/\/argentinamunicipal.com.ar\/argentina\/wp-json\/wp\/v2\/posts"}],"about":[{"href":"http:\/\/argentinamunicipal.com.ar\/argentina\/wp-json\/wp\/v2\/types\/post"}],"author":[{"embeddable":true,"href":"http:\/\/argentinamunicipal.com.ar\/argentina\/wp-json\/wp\/v2\/users\/2"}],"replies":[{"embeddable":true,"href":"http:\/\/argentinamunicipal.com.ar\/argentina\/wp-json\/wp\/v2\/comments?post=67296"}],"version-history":[{"count":0,"href":"http:\/\/argentinamunicipal.com.ar\/argentina\/wp-json\/wp\/v2\/posts\/67296\/revisions"}],"wp:featuredmedia":[{"embeddable":true,"href":"http:\/\/argentinamunicipal.com.ar\/argentina\/wp-json\/wp\/v2\/media\/67297"}],"wp:attachment":[{"href":"http:\/\/argentinamunicipal.com.ar\/argentina\/wp-json\/wp\/v2\/media?parent=67296"}],"wp:term":[{"taxonomy":"category","embeddable":true,"href":"http:\/\/argentinamunicipal.com.ar\/argentina\/wp-json\/wp\/v2\/categories?post=67296"},{"taxonomy":"post_tag","embeddable":true,"href":"http:\/\/argentinamunicipal.com.ar\/argentina\/wp-json\/wp\/v2\/tags?post=67296"}],"curies":[{"name":"wp","href":"https:\/\/api.w.org\/{rel}","templated":true}]}}