{"id":67299,"date":"2017-09-05T05:51:41","date_gmt":"2017-09-05T08:51:41","guid":{"rendered":"http:\/\/argentinamunicipal.com.ar\/argentina\/?p=67299"},"modified":"2017-09-05T07:53:13","modified_gmt":"2017-09-05T10:53:13","slug":"concejo-municipal-santa-fe-tendra-una-aplicacion-telefonos-moviles","status":"publish","type":"post","link":"http:\/\/argentinamunicipal.com.ar\/argentina\/concejo-municipal-santa-fe-tendra-una-aplicacion-telefonos-moviles\/","title":{"rendered":"El Concejo Municipal de Santa Fe tendr\u00e1 una Aplicaci\u00f3n para Tel\u00e9fonos M\u00f3viles"},"content":{"rendered":"<p>En la \u00faltima sesi\u00f3n del Concejo Municipal se aprob\u00f3 por unanimidad el Decreto impulsado por el edil Franco Ponce de Le\u00f3n (CC-ARI \u2013 FPCyS), que establece la creaci\u00f3n de una App del Concejo de Santa Fe, de software libre.<\/p>\n<p>El objetivo principal de la iniciativa es acercar a\u00fan m\u00e1s al vecino de la ciudad al Concejo, en este caso mediante el uso de la tecnolog\u00eda que hoy tenemos disponible y que seguramente en el futuro se har\u00e1 de uso cotidiano y frecuente en una gran parte de la poblaci\u00f3n.<\/p>\n<p>El Concejo Municipal cuenta con una p\u00e1gina web moderna y actualizada, www.concejosantafe.gov.ar, la cual contiene informaci\u00f3n de diferente \u00edndole, \u00a0como por ejemplo: estructura del Concejo, Funcionamiento, Concejales que lo integran y a que fuerza pol\u00edtica pertenecen, seguimiento y b\u00fasqueda de expedientes, normativas vigentes, actividades semanales del Concejo, Noticias sobre el organismo, tel\u00e9fono \u00fatiles, (Polic\u00eda-Bomberos- Emergencias M\u00e9dicas, N\u00e1uticas y Ambiental, COBEM), links de inter\u00e9s, \u00a0entre otras. La intenci\u00f3n del Decreto recientemente sancionado, es que de forma progresiva, toda \u00e9sta informaci\u00f3n se vaya incorporando a la nueva App, como as\u00ed tambi\u00e9n otra que pueda surgir.<\/p>\n<p>Son innumerables las aplicaciones para tel\u00e9fonos m\u00f3viles inteligentes disponibles actualmente y las que d\u00eda a d\u00eda van surgiendo, para permitir al usuario efectuar una tarea concreta de cualquier tipo profesional, de ocio, educativa, de acceso a servicios, entre otras.<\/p>\n<p>Franco Ponce de Le\u00f3n, autor de la iniciativa expres\u00f3 \u00abal crear esta App ponemos al servicio de los vecinos informaci\u00f3n acerca de las actividades que se desarrollan en el Concejo Municipal, normativas sancionadas, como as\u00ed tambi\u00e9n poder contactarse con cada uno de los Concejales y generar un nuevo puente de comunicaci\u00f3n\u00bb.<\/p>\n<p>Para finalizar manifest\u00f3 \u00abesta nueva herramienta busca fortalecer el v\u00ednculo que en estos \u00faltimos a\u00f1os se ha tratado de forjar a partir de distintas iniciativas, como el \u00abConcejo en tu Barrio\u00bb, el \u00abConcejo en tu Escuela\u00bb, las actividades culturales que se desarrollan durante el a\u00f1o, las distintas charlas y homenajes que se realizan en el recinto de sesiones, la norma sancionada hace algunos d\u00edas donde planteamos la transmisi\u00f3n en vivo de las sesiones ordinarias a trav\u00e9s de la p\u00e1gina web, entre otras. Como as\u00ed tambi\u00e9n brindar un nuevo instrumento a los periodistas, facilitando el acceso a la informaci\u00f3n en tiempo real\u00bb.<\/p>\n<h6>\nFuente:\u00a0Sin Mordaza<\/h6>\n","protected":false},"excerpt":{"rendered":"<p>En la \u00faltima sesi\u00f3n del Concejo Municipal se aprob\u00f3 por unanimidad el Decreto impulsado por el edil Franco Ponce de Le\u00f3n (CC-ARI \u2013 FPCyS), que establece la creaci\u00f3n de una App del Concejo de Santa Fe, de software libre.<\/p>\n","protected":false},"author":2,"featured_media":67300,"comment_status":"closed","ping_status":"closed","sticky":false,"template":"","format":"standard","meta":{"footnotes":""},"categories":[2],"tags":[10],"class_list":["post-67299","post","type-post","status-publish","format-standard","has-post-thumbnail","hentry","category-informe-municipal","tag-santa-fe"],"_links":{"self":[{"href":"http:\/\/argentinamunicipal.com.ar\/argentina\/wp-json\/wp\/v2\/posts\/67299","targetHints":{"allow":["GET"]}}],"collection":[{"href":"http:\/\/argentinamunicipal.com.ar\/argentina\/wp-json\/wp\/v2\/posts"}],"about":[{"href":"http:\/\/argentinamunicipal.com.ar\/argentina\/wp-json\/wp\/v2\/types\/post"}],"author":[{"embeddable":true,"href":"http:\/\/argentinamunicipal.com.ar\/argentina\/wp-json\/wp\/v2\/users\/2"}],"replies":[{"embeddable":true,"href":"http:\/\/argentinamunicipal.com.ar\/argentina\/wp-json\/wp\/v2\/comments?post=67299"}],"version-history":[{"count":0,"href":"http:\/\/argentinamunicipal.com.ar\/argentina\/wp-json\/wp\/v2\/posts\/67299\/revisions"}],"wp:featuredmedia":[{"embeddable":true,"href":"http:\/\/argentinamunicipal.com.ar\/argentina\/wp-json\/wp\/v2\/media\/67300"}],"wp:attachment":[{"href":"http:\/\/argentinamunicipal.com.ar\/argentina\/wp-json\/wp\/v2\/media?parent=67299"}],"wp:term":[{"taxonomy":"category","embeddable":true,"href":"http:\/\/argentinamunicipal.com.ar\/argentina\/wp-json\/wp\/v2\/categories?post=67299"},{"taxonomy":"post_tag","embeddable":true,"href":"http:\/\/argentinamunicipal.com.ar\/argentina\/wp-json\/wp\/v2\/tags?post=67299"}],"curies":[{"name":"wp","href":"https:\/\/api.w.org\/{rel}","templated":true}]}}