{"id":67302,"date":"2017-09-05T07:57:20","date_gmt":"2017-09-05T10:57:20","guid":{"rendered":"http:\/\/argentinamunicipal.com.ar\/argentina\/?p=67302"},"modified":"2017-09-05T07:57:20","modified_gmt":"2017-09-05T10:57:20","slug":"santa-fe-nunca-vi-al-radicalismo-tan-alejado-ideas-la-conduccion-corral","status":"publish","type":"post","link":"http:\/\/argentinamunicipal.com.ar\/argentina\/santa-fe-nunca-vi-al-radicalismo-tan-alejado-ideas-la-conduccion-corral\/","title":{"rendered":"Santa Fe: \u00abNunca vi al radicalismo tan alejado de sus ideas como bajo la conducci\u00f3n de Corral\u00bb"},"content":{"rendered":"<p>El diputado nacional dio su aval a los candidatos del FPCyS para la puja de octubre y particip\u00f3 de la reuni\u00f3n del gabinete ampliado<\/p>\n<p>\u00abEl radicalismo est\u00e1 vac\u00edo de debate y no funciona. Nunca vi al partido tan alejado de sus ideas como lo est\u00e1 bajo la conducci\u00f3n de Jos\u00e9 Corral\u00bb, dispar\u00f3 ayer en Santa Fe el diputado nacional Ricardo Alfons\u00edn. El hijo del primer presidente de la restauraci\u00f3n democr\u00e1tica en 1983 visit\u00f3 la capital provincial para apoyar la lista de candidatos a la C\u00e1mara baja nacional del Frente Progresista (FPCyS) que encabeza el ministro de la Producci\u00f3n, Luis Contigiani.Durante su breve paso por Santa Fe, Alfons\u00edn fue invitado especialmente a la Casa Gris por el gobernador Miguel Lifschitz para participar de la reuni\u00f3n del gabinete ampliado.<\/p>\n<p>\u00abLa gesti\u00f3n santafesina no s\u00f3lo es reconocida por m\u00ed sino que la mejor opini\u00f3n es la de la ciudadan\u00eda santafesina en general \u00ab, elogi\u00f3 a su anfitri\u00f3n el dirigente bonaerense apenas concluida, a media tarde, la reuni\u00f3n de ministros, de la que tambi\u00e9n participaron el vicegobernador Carlos Fascendini; el diputado provincial Jorge Henn y el concejal de esa ciudad Leonardo Simoniello.<\/p>\n<p>\u00abCon el gobernador hablamos de la situaci\u00f3n de la provincia y del pa\u00eds, que exige actuar con mucha responsabilidad, comprendiendo que es necesario el di\u00e1logo. Aunque en la Argentina no tengan demasiada buena prensa los acuerdos sobre las pol\u00edticas de Estado\u00bb, resumi\u00f3 sobre su encuentro con Lifschitz.<\/p>\n<p>Adem\u00e1s, inst\u00f3 a \u00abterminar con la grieta, con la descalificaci\u00f3n y con el agravio entre los distintos actores pol\u00edticos, porque eso tiene mucho m\u00e1s influencia en la resoluci\u00f3n de los problemas de lo que supone la gente\u00bb.<\/p>\n<p>Sobre la desaparici\u00f3n de Santiago Maldonado (ver p\u00e1gina 11), Alfons\u00edn marc\u00f3 diferencias con las posiciones m\u00e1s cr\u00edticas al gobierno de Mauricio Macri: \u00abEs una exageraci\u00f3n que no le hace nada bien, incluso al esclarecimiento del caso, tildar a este gobierno de dictatorial\u00bb.<\/p>\n<p>No obstante, dej\u00f3 en claro que \u00abel que gobierna siempre est\u00e1 expuesto y debe dar explicaciones a las demandas de la sociedad, incluso cuando haya actitudes que utilicen partidariamente una cuesti\u00f3n de esta naturaleza\u00bb. Y a\u00f1adi\u00f3: \u00abPero no hay que sorprenderse porque la sociedad sabr\u00e1 discernir. Las \u00fanicas v\u00edctimas son Maldonado y su familia y ojal\u00e1 termine todo bien. Tambi\u00e9n estoy seguro de que no hay ninguna decisi\u00f3n del gobierno que haya permitido que ocurriera lo que muchos sospechan\u00bb.<\/p>\n<p>Alfons\u00edn tambi\u00e9n desgran\u00f3 ante La Capital la situaci\u00f3n interna del radicalismo, sobre la que plante\u00f3 sus p\u00fablicas discrepancias con la conducci\u00f3n nacional que encabeza Corral (intendente de Santa Fe).<\/p>\n<p>\u00abCon los amigos del radicalismo santafesino que resolvieron seguir integrando el Frente Progresista a partir de que el partido decretara la libertad de acci\u00f3n (para integrar distintas listas en este turno electoral) compartimos la preocupaci\u00f3n de que la UCR en Cambiemos no ha cumplido con su palabra\u00bb, sentenci\u00f3.<\/p>\n<p>Al respecto, asever\u00f3: \u00abNunca vi una conducci\u00f3n partidaria tan alejada de las ideas que identifican al radicalismo. Sinceramente, no lo entiendo y Corral, al que le tengo aprecio y cari\u00f1o personal, no me lo ha explicado. Tal vez alejar al partido de sus ideas ser\u00e1 lo mejor para los argentinos pero, como no me lo han explicado, la verdad es que no lo entiendo\u00bb.<\/p>\n<p>Adem\u00e1s, Alfons\u00edn confes\u00f3 que observa la marcha de la econom\u00eda \u00abcon mucha preocupaci\u00f3n\u00bb. En ese sentido, fundament\u00f3: \u00abLos indicadores sociales que nos permit\u00edan decir en 2015 que la herencia era muy pesada, siguen siendo los mismos. Hablamos de los niveles de inflaci\u00f3n, de recesi\u00f3n y de pobreza, que son altos\u00bb.<\/p>\n<p>\u00abHabr\u00eda que discutir la proporcionalidad del esfuerzo entre las fuerzas del trabajo y el capital para definir plazos y objetivos. Porque me parece que los que mejor est\u00e1n, no son los que mayor disposici\u00f3n tuvieron a hacer un esfuerzo. Y ha sido muy problem\u00e1tico el abuso de los que ejercen el poder dominante en relaci\u00f3n a los precios. Tampoco cumplieron con el compromiso de no despedir trabajadores ni con la inversi\u00f3n que iban a hacer. All\u00ed se debe posar la lupa la pol\u00edtica\u00bb, sentenci\u00f3 el dirigente.<\/p>\n<p>\u00abTenemos que terminar con la grieta, la descalificaci\u00f3n y el agravio entre los distintos actores pol\u00edticos\u00bb<\/p>\n<h6>Fuente: La Capital Rosario<\/h6>\n","protected":false},"excerpt":{"rendered":"<p>El diputado nacional dio su aval a los candidatos del FPCyS para la puja de octubre y particip\u00f3 de la reuni\u00f3n del gabinete ampliado<\/p>\n","protected":false},"author":2,"featured_media":67303,"comment_status":"closed","ping_status":"closed","sticky":false,"template":"","format":"standard","meta":{"footnotes":""},"categories":[4],"tags":[10],"class_list":["post-67302","post","type-post","status-publish","format-standard","has-post-thumbnail","hentry","category-informe-politico","tag-santa-fe"],"_links":{"self":[{"href":"http:\/\/argentinamunicipal.com.ar\/argentina\/wp-json\/wp\/v2\/posts\/67302","targetHints":{"allow":["GET"]}}],"collection":[{"href":"http:\/\/argentinamunicipal.com.ar\/argentina\/wp-json\/wp\/v2\/posts"}],"about":[{"href":"http:\/\/argentinamunicipal.com.ar\/argentina\/wp-json\/wp\/v2\/types\/post"}],"author":[{"embeddable":true,"href":"http:\/\/argentinamunicipal.com.ar\/argentina\/wp-json\/wp\/v2\/users\/2"}],"replies":[{"embeddable":true,"href":"http:\/\/argentinamunicipal.com.ar\/argentina\/wp-json\/wp\/v2\/comments?post=67302"}],"version-history":[{"count":0,"href":"http:\/\/argentinamunicipal.com.ar\/argentina\/wp-json\/wp\/v2\/posts\/67302\/revisions"}],"wp:featuredmedia":[{"embeddable":true,"href":"http:\/\/argentinamunicipal.com.ar\/argentina\/wp-json\/wp\/v2\/media\/67303"}],"wp:attachment":[{"href":"http:\/\/argentinamunicipal.com.ar\/argentina\/wp-json\/wp\/v2\/media?parent=67302"}],"wp:term":[{"taxonomy":"category","embeddable":true,"href":"http:\/\/argentinamunicipal.com.ar\/argentina\/wp-json\/wp\/v2\/categories?post=67302"},{"taxonomy":"post_tag","embeddable":true,"href":"http:\/\/argentinamunicipal.com.ar\/argentina\/wp-json\/wp\/v2\/tags?post=67302"}],"curies":[{"name":"wp","href":"https:\/\/api.w.org\/{rel}","templated":true}]}}