{"id":67323,"date":"2017-09-05T08:32:50","date_gmt":"2017-09-05T11:32:50","guid":{"rendered":"http:\/\/argentinamunicipal.com.ar\/argentina\/?p=67323"},"modified":"2017-09-05T08:32:50","modified_gmt":"2017-09-05T11:32:50","slug":"se-instalo-rosario-la-primera-bienal-arte-contemporaneo","status":"publish","type":"post","link":"http:\/\/argentinamunicipal.com.ar\/argentina\/se-instalo-rosario-la-primera-bienal-arte-contemporaneo\/","title":{"rendered":"Se instal\u00f3 en Rosario la primera Bienal de Arte Contempor\u00e1neo"},"content":{"rendered":"<p>Bienalsur se desarrollar\u00e1 hasta diciembre y participan m\u00e1s de 250 artistas y curadores de 16 pa\u00edses, de los cinco continentes<\/p>\n<p>Bienalsur lleg\u00f3 a orillas del r\u00edo Paran\u00e1 para quedarse. Rosario forma parte de la primera Bienal Internacional de Arte Contempor\u00e1neo de Am\u00e9rica del Sur, una movida cultural organizada por la Universidad de Tres de Febrero (Untref) que conecta en simult\u00e1neo a m\u00e1s de 30 ciudades y 16 pa\u00edses, y que reunir\u00e1 a m\u00e1s de 250 artistas y curadores de los cinco continentes. Bienalsur \u2014que se desarrollar\u00e1 entre septiembre y diciembre\u2014 tomar\u00e1 como espacio de exhibici\u00f3n, sobre todo, el territorio del sur de este continente y har\u00e1 foco en el proceso de creaci\u00f3n art\u00edstico e intelectual. El s\u00e1bado pasado se inauguraron parte de las obras que estar\u00e1n en exposici\u00f3n hasta fin de a\u00f1o, algunas de las cuales fueron donadas por los propios artistas, por lo que pasar\u00e1n a formas parte del paisaje local.<\/p>\n<p>El objetivo de Bienalsur es generar una red global de colaboraci\u00f3n asociativa institucional que elimine distancias y fronteras y reivindique la singularidad en la diversidad. Para eso, traz\u00f3 una cartograf\u00eda propia: un recorrido espec\u00edfico que tiene a la ciudad de Buenos Aires como kil\u00f3metro cero y, desde all\u00ed, atraviesa el territorio en diferentes direcciones y se abre a una Sudam\u00e9rica expandida casi a escala planetaria.<\/p>\n<p>La bienal une a 16 pa\u00edses: Argentina, Australia, Ben\u00edn, Brasil, Bolivia, Chile, Colombia, Ecuador, Espa\u00f1a, Francia, Guatemala, Jap\u00f3n, Paraguay, Per\u00fa, Uruguay y Venezuela.<\/p>\n<p>M\u00e1s del 95 por ciento de las obras que la integran fueron seleccionadas tras un intenso proceso que incluy\u00f3 dos convocatorias internacionales abiertas con tem\u00e1tica libre. La idea del llamado libre y abierto fue invitar a artistas y curadores a pensar proyectos espec\u00edficos e in\u00e9ditos. Se recibieron m\u00e1s de 2500 propuestas provenientes de 78 pa\u00edses. Durante las convocatorias se observ\u00f3 la presencia recurrente de proyectos que dialogan tanto dentro como fuera del mundo del arte.<\/p>\n<p><strong>Sede seleccionada<\/strong><\/p>\n<p>Rosario fue una de las sedes seleccionadas para albergar a la Bienalsur. El nodo est\u00e1 co-organizado por la Secretar\u00eda de Cultura y Educaci\u00f3n de la Municipalidad de Rosario y cuenta con programaci\u00f3n en el Centro de Expresiones Contempor\u00e1neas (Cec), el Centro Cultural Parque de Espa\u00f1a, el Museo de la Memoria y la franja de la costa del r\u00edo Paran\u00e1: Rambla Catalu\u00f1a, Parque Espa\u00f1a, Parque del Monumento a la Bandera.<\/p>\n<p>La mayor\u00eda de las obras que alojar\u00e1 la ciudad fueron inauguradas el s\u00e1bado pasado.<\/p>\n<p>En el Play\u00f3n del Parque Espa\u00f1a qued\u00f3 inaugurada la intervenci\u00f3n \u00ab1706\u00bb, de Pablo Siquier, nada m\u00e1s y nada menos que sobre el piso. Sobre ella se puede hasta patinar. Vista desde arriba, la imagen es imponente. Se trata de un mural de 30 por 110 metros elaborado con pintura de alta resistencia, con formas geom\u00e9tricas blancas y negras.<\/p>\n<p>Otro que dej\u00f3 su marca en la zona es Eduardo Basualdo, que en el parque frente la Cec instal\u00f3 una escultura de dos pa\u00f1os de rejas de cuatro por seis metros con la palabra Nosotros, que le da t\u00edtulo a la obra. La obra estar\u00e1 all\u00ed hasta que inaugure el Museo del Deporte, proyectado en el Batall\u00f3n 121, que luego alojar\u00e1 la obra.<\/p>\n<p>En el mismo sector, Marcolina Dipierro instal\u00f3 \u00abCaptura formal\u00bb, una intervenci\u00f3n que pon en juego c\u00e9sped, tierra y acero inoxidable.<\/p>\n<p>Dentro del Centro Cultural Parque de Espa\u00f1a, hasta el mes de octubre podr\u00e1 verse \u00abDura lex, sed lex\u00bb, una exposici\u00f3n que re\u00fane a treinta artistas provenientes de diferentes pa\u00edses de Am\u00e9rica Latina e indaga sobre la relaci\u00f3n entre arte, criminolog\u00eda y legalidad, curada por Juliana Gontijo y Raphael Fonseca. Puede visitarse de martes a s\u00e1bado y los lunes feriados de 15 a 20 y los domingo de 15 a 18.<\/p>\n<p><strong>Tras las huellas<\/strong><\/p>\n<p>En la fachada del Museo de la Memoria (C\u00f3rdoba y Moreno) qued\u00f3 grabada una de las tres intervenciones que la brasile\u00f1a Regina Silveira realizar\u00e1 en Argentina. La obra \u00abTouch\u00bb explora la carga simb\u00f3lica que pueden tener las huellas de manos \u2014el signo m\u00e1s arcaico e inmemorial de identidad\u2014 dispuestas sobre las caras externas del edificio.<\/p>\n<p>Dentro del museo, de martes a viernes de 14 a 20 y los s\u00e1bado, domingos y feriados de 16 a 20 hasta el mes de diciembre, se puede acceder a una videoinstalaci\u00f3n \u00abLimiar\u00bb de la misma artista, que traduce a varios idiomas la palabra \u00abluz\u00bb.<\/p>\n<p>La \u00faltima obra de Bienalsur estar\u00e1 sobre el agua. En la Rambla Catalu\u00f1a quedar\u00e1 a flote hasta fin de a\u00f1o la obra del brasile\u00f1o Eduardo Srur titulada \u00abPets\u00bb. Se trata de una botella de pl\u00e1stico a gran escala que reflexiona art\u00edsticamente sobre la contaminaci\u00f3n de las aguas. Esta intervenci\u00f3n itinerante tambi\u00e9n se ver\u00e1 en otros lugares del pa\u00eds, como el Delta del Tigre y el Riachuelo, en Buenos Aires.<\/p>\n<p>La \u00faltima obra se sumar\u00e1 a Bienalsur el 25 de octubre pr\u00f3ximo. Se trata de una selecci\u00f3n de once videos de la colecci\u00f3n Jean-Conrad e Isabelle Lema\u00eetre para el Centro de Expresiones Contempor\u00e1neas de Rosario (CEC). La colecci\u00f3n es una de las m\u00e1s importantes selecciones privadas de video arte europea.<\/p>\n<p>Un video de un proyecto inmobiliario que caus\u00f3 confusi\u00f3n<\/p>\n<p>\u00abLa isla del deporte\u00bb, una instalaci\u00f3n del artista pl\u00e1stico alem\u00e1n Anton Steenbook, que se present\u00f3 en la Bienalsur y que se expone en el Parque de Espa\u00f1a gener\u00f3 algo de confusi\u00f3n en la ciudad.<\/p>\n<p>La obra recrea un proyecto inmobiliario de una firma de fantas\u00eda llamada Da Silva Brokers, que propone construir en la isla de El Espinillo un emprendimiento urbano.<\/p>\n<p>Se trata de una multinacional de capitales brasile\u00f1os que levantar\u00e1 un \u00abnuevo barrio de Rosario\u00bb sobre 200 mil metros cuadrados de pantano. Pero todo es ficci\u00f3n.<\/p>\n<p>Sin embargo, varios medios de comunicaci\u00f3n locales y de la regi\u00f3n se hicieron eco del proyecto, e incluso algunos inversores locales se interesaron en la iniciativa.<\/p>\n<p>Hasta la Municipalidad de Rosario tuvo que salir a desmentir lo que exhib\u00eda la obra de arte, que ofrec\u00eda un para\u00edso natural con viviendas particulares, oficinas, comercios, hoteler\u00eda, sectores de entretenimiento, lugares de recreaci\u00f3n y un country en la orilla opuesta del Paran\u00e1.<\/p>\n<h6>Fuente: La Capital Rosario<\/h6>\n","protected":false},"excerpt":{"rendered":"<p>Bienalsur se desarrollar\u00e1 hasta diciembre y participan m\u00e1s de 250 artistas y curadores de 16 pa\u00edses, de los cinco continentes<\/p>\n","protected":false},"author":2,"featured_media":67324,"comment_status":"closed","ping_status":"closed","sticky":false,"template":"","format":"standard","meta":{"footnotes":""},"categories":[47],"tags":[10],"class_list":["post-67323","post","type-post","status-publish","format-standard","has-post-thumbnail","hentry","category-fiestas","tag-santa-fe"],"_links":{"self":[{"href":"http:\/\/argentinamunicipal.com.ar\/argentina\/wp-json\/wp\/v2\/posts\/67323","targetHints":{"allow":["GET"]}}],"collection":[{"href":"http:\/\/argentinamunicipal.com.ar\/argentina\/wp-json\/wp\/v2\/posts"}],"about":[{"href":"http:\/\/argentinamunicipal.com.ar\/argentina\/wp-json\/wp\/v2\/types\/post"}],"author":[{"embeddable":true,"href":"http:\/\/argentinamunicipal.com.ar\/argentina\/wp-json\/wp\/v2\/users\/2"}],"replies":[{"embeddable":true,"href":"http:\/\/argentinamunicipal.com.ar\/argentina\/wp-json\/wp\/v2\/comments?post=67323"}],"version-history":[{"count":0,"href":"http:\/\/argentinamunicipal.com.ar\/argentina\/wp-json\/wp\/v2\/posts\/67323\/revisions"}],"wp:featuredmedia":[{"embeddable":true,"href":"http:\/\/argentinamunicipal.com.ar\/argentina\/wp-json\/wp\/v2\/media\/67324"}],"wp:attachment":[{"href":"http:\/\/argentinamunicipal.com.ar\/argentina\/wp-json\/wp\/v2\/media?parent=67323"}],"wp:term":[{"taxonomy":"category","embeddable":true,"href":"http:\/\/argentinamunicipal.com.ar\/argentina\/wp-json\/wp\/v2\/categories?post=67323"},{"taxonomy":"post_tag","embeddable":true,"href":"http:\/\/argentinamunicipal.com.ar\/argentina\/wp-json\/wp\/v2\/tags?post=67323"}],"curies":[{"name":"wp","href":"https:\/\/api.w.org\/{rel}","templated":true}]}}