{"id":67335,"date":"2017-09-06T07:14:03","date_gmt":"2017-09-06T10:14:03","guid":{"rendered":"http:\/\/argentinamunicipal.com.ar\/argentina\/?p=67335"},"modified":"2017-09-06T07:14:03","modified_gmt":"2017-09-06T10:14:03","slug":"represion-los-conflictos-sociales-la-politica-cambiemos-reflejada-numeros-primer-semestre","status":"publish","type":"post","link":"http:\/\/argentinamunicipal.com.ar\/argentina\/represion-los-conflictos-sociales-la-politica-cambiemos-reflejada-numeros-primer-semestre\/","title":{"rendered":"Represi\u00f3n a los conflictos sociales: La pol\u00edtica de Cambiemos reflejada en n\u00fameros en el primer semestre"},"content":{"rendered":"<p>Desde el Centro de Econom\u00eda Pol\u00edtica Argentina elaboraron un muestro que da cuenta que en los primeros seis meses de 2017 se registraron 39 hechos represivos en todo el pa\u00eds. Expresaron que estos hechos funcionan \u201ccomo mecanismo de \u2018contenci\u00f3n\u2019 del conflicto, de sofocar los reclamos y como mensaje de futuras protestas\u201d.<\/p>\n<p>El Centro de Econom\u00eda Pol\u00edtica Argentina elabor\u00f3 un informe que refleja como el gobierno nacional de Mauricio Macri frena los conflictos sociales en todo el pa\u00eds. El accionar de las fuerzas de seguridad para reprimir las protestas marcan una tendencia donde Cambiemos intenta contener el descontento de la sociedad causado por las medidas pol\u00edticas econ\u00f3micas adoptadas.<\/p>\n<p>\u201cDurante el primer semestre de 2017 se registraron 39 hechos represivos hacia los conflictos sociales. De ellos, 18 se llevaron a cabo durante el segundo trimestre\u201d, afirman en el muestro dado a conocer que refleja el respuesta del Poder Ejecutivo ante la demanda de los sectores sociales m\u00e1s vulnerados en los \u00faltimos tiempos.<\/p>\n<p>En ese marco, detallaron que \u201cla pol\u00edtica represiva no parece concentrarse en un solo sujeto social: la padecieron trabajadores, movimientos sociales, organizaciones de la sociedad civil, pueblos originarios, partidos pol\u00edticos, mujeres, vecinos, estudiantes, entre otros\u201d.<\/p>\n<p>Entonces relataron que \u201cse reprimi\u00f3 a vecinos que reclamaban asistencia ante las inclemencias clim\u00e1ticas (principalmente inundaciones), a pueblos originarios, a mujeres que se movilizaban en el D\u00eda Internacional de la Mujer, a vecinos que ped\u00edan justicia por casos de gatillo f\u00e1cil, a maestros, y a movimientos sociales que solicitaban ayuda habitacional y alimentaria\u201d.<\/p>\n<p>\u201cMenci\u00f3n aparte merece el accionar de la polic\u00eda bonaerense que no s\u00f3lo hace v\u00edctimas de sus pol\u00edticas represivas a trabajadores, dirigentes sociales, mujeres y vecinos sino inclusive a estudiantes secundarios y primarios\u201d, aseguraron.<\/p>\n<p>Asimismo indicaron que se trata de \u201cuna pol\u00edtica de Estado para disciplinar y someter a los chicos a trav\u00e9s del miedo, La Red de Madres y Padres Contra la Violencia Institucional hacia las Escuelas, conformada por familiares de j\u00f3venes de diferentes colegios, contabiliz\u00f3 m\u00e1s de 20 casos de violencia policial en escuelas primarias y secundarias de la Ciudad de Buenos Aires y el conurbano en 36 d\u00edas\u201d.<\/p>\n<p>En ese sentido, contaron que \u201csi se cuentan los abusos policiales en colegios del interior y en universidades nacionales, el registro alcanza los 40 casos. La violencia policial no se circunscribe al espacio p\u00fablico sino que se ejerce dentro de las mismas escuelas\u201d.<\/p>\n<p>A modo de fundamentaci\u00f3n de las motivaciones del gobierno nacional para ordenar la represi\u00f3n, afirmaron que \u201clas pol\u00edticas que vienen aplic\u00e1ndose desde la asunci\u00f3n del gobierno de Cambiemos, dan cuenta de que el ajuste econ\u00f3mico y la redistribuci\u00f3n regresiva del ingreso est\u00e1n acompa\u00f1adas de la otra cara de la moneda, la represi\u00f3n, como parte de un mecanismo sistem\u00e1tico de disciplinamiento social. La represi\u00f3n funciona de esta forma como mecanismo de \u2018contenci\u00f3n\u2019 del conflicto, de sofocar los reclamos y como mensaje de futuros reclamos, protestas o voces disidentes\u201d.<\/p>\n<p>\u201cEntre estas pr\u00e1cticas represivas no s\u00f3lo se encuentra la utilizaci\u00f3n de violencia f\u00edsica hacia los manifestantes sino tambi\u00e9n la utilizaci\u00f3n de las herramientas que les provee la justicia, con una t\u00e1ctica que se profundiza cada vez m\u00e1s: la judicializaci\u00f3n de la protesta social\u201d, concluyeron.<\/p>\n<h6>Fuente: InfoCielo<\/h6>\n","protected":false},"excerpt":{"rendered":"<p>Desde el Centro de Econom\u00eda Pol\u00edtica Argentina elaboraron un muestro que da cuenta que en los primeros seis meses de 2017 se registraron 39 hechos represivos en todo el pa\u00eds.<\/p>\n","protected":false},"author":2,"featured_media":67336,"comment_status":"closed","ping_status":"closed","sticky":false,"template":"","format":"standard","meta":{"footnotes":""},"categories":[8],"tags":[21],"class_list":["post-67335","post","type-post","status-publish","format-standard","has-post-thumbnail","hentry","category-informe-nacional","tag-argentina"],"_links":{"self":[{"href":"http:\/\/argentinamunicipal.com.ar\/argentina\/wp-json\/wp\/v2\/posts\/67335","targetHints":{"allow":["GET"]}}],"collection":[{"href":"http:\/\/argentinamunicipal.com.ar\/argentina\/wp-json\/wp\/v2\/posts"}],"about":[{"href":"http:\/\/argentinamunicipal.com.ar\/argentina\/wp-json\/wp\/v2\/types\/post"}],"author":[{"embeddable":true,"href":"http:\/\/argentinamunicipal.com.ar\/argentina\/wp-json\/wp\/v2\/users\/2"}],"replies":[{"embeddable":true,"href":"http:\/\/argentinamunicipal.com.ar\/argentina\/wp-json\/wp\/v2\/comments?post=67335"}],"version-history":[{"count":0,"href":"http:\/\/argentinamunicipal.com.ar\/argentina\/wp-json\/wp\/v2\/posts\/67335\/revisions"}],"wp:featuredmedia":[{"embeddable":true,"href":"http:\/\/argentinamunicipal.com.ar\/argentina\/wp-json\/wp\/v2\/media\/67336"}],"wp:attachment":[{"href":"http:\/\/argentinamunicipal.com.ar\/argentina\/wp-json\/wp\/v2\/media?parent=67335"}],"wp:term":[{"taxonomy":"category","embeddable":true,"href":"http:\/\/argentinamunicipal.com.ar\/argentina\/wp-json\/wp\/v2\/categories?post=67335"},{"taxonomy":"post_tag","embeddable":true,"href":"http:\/\/argentinamunicipal.com.ar\/argentina\/wp-json\/wp\/v2\/tags?post=67335"}],"curies":[{"name":"wp","href":"https:\/\/api.w.org\/{rel}","templated":true}]}}