{"id":67341,"date":"2017-09-06T07:21:27","date_gmt":"2017-09-06T10:21:27","guid":{"rendered":"http:\/\/argentinamunicipal.com.ar\/argentina\/?p=67341"},"modified":"2017-09-06T07:21:27","modified_gmt":"2017-09-06T10:21:27","slug":"alerta-internacional","status":"publish","type":"post","link":"http:\/\/argentinamunicipal.com.ar\/argentina\/alerta-internacional\/","title":{"rendered":"Alerta internacional"},"content":{"rendered":"<p>La Oficina para Am\u00e9rica del Sur del Alto Comisionado para los Derechos Humanos advirti\u00f3 sobre la falta de progreso de las investigaciones. Buscan dar asistencia t\u00e9cnica a la familia.<\/p>\n<p>A 36 d\u00edas de la desaparici\u00f3n de Santiago Maldonado y casi un mes despu\u00e9s de haber reclamado al Estado argentino acciones urgentes para encontrarlo, las Naciones Unidas expresaron su \u201cpreocupaci\u00f3n por la falta de progreso de las investigaciones que se est\u00e1n llevando a cabo\u201d para garantizar la aparici\u00f3n con vida del joven de 28 a\u00f1os que fue visto por \u00faltima vez durante la represi\u00f3n que despleg\u00f3 Gendarmer\u00eda en la comunidad mapuche de Cushamen, en Chubut.<\/p>\n<p>En esta ocasi\u00f3n, fue la Oficina Regional para Am\u00e9rica del Sur del Alto Comisionado de las Naciones Unidas para los Derechos Humanos (ACNUDH), quien advirti\u00f3 la \u201cfalta de progreso\u201d en los expedientes judiciales que tienen por objetivo encontrar a Maldonado y determinar qui\u00e9nes fueron los responsables de su ausencia, mientras que exigi\u00f3 a las \u201cautoridades pertinentes a realizar la investigaci\u00f3n apeg\u00e1ndose a los est\u00e1ndares internacionales en materia de derechos humanos\u201d.<\/p>\n<p>La ACNUDH se\u00f1al\u00f3 particularmente a la Convenci\u00f3n para la protecci\u00f3n de todas las personas contra las desapariciones forzadas como est\u00e1ndar al que la Justicia argentina deber\u00eda ce\u00f1irse ya que \u201cestablece claros par\u00e1metros para llevar una investigaci\u00f3n sobre este tipo de hechos, en especial cuando hay posibles se\u00f1alamientos de la participaci\u00f3n de la fuerza p\u00fablica\u201d, apunt\u00f3 el representante para Am\u00e9rica del Sur de la agencia regional, Am\u00e9rico Incalcaterra, a trav\u00e9s de un comunicado.<\/p>\n<p>En el documento que difundi\u00f3 ayer, la agencia inform\u00f3 de dos reuniones que mantuvo Incalcaterra el jueves y el viernes pasado con el objetivo de \u201ccolaborar y prestar la asesor\u00eda t\u00e9cnica\u201d que la familia Maldonado pidi\u00f3 al Gobierno nacional durante una reuni\u00f3n que la abogada de los hermanos y padres de Santiago, Ver\u00f3nica Heredia, mantuvo con el ministro de Justicia y Derechos HUmanos, Germ\u00e1n Garavano, el martes 29 de agosto. Incalcaterra se reuni\u00f3 con Garavano, el secretario de Derechos Humanos de la Naci\u00f3n, Claudio Avruj, y el defensor ante el Tribunal de Casaci\u00f3n Penal de la provincia de Buenos Aires, Mario Coriolano el jueves. Heredia se sum\u00f3 al encuentro del viernes. Sin embargo, a\u00fan no se ha llegado a un acuerdo para que la ONU efectivamente empiece a colaborar. \u201cEstamos en etapa de evaluaci\u00f3n\u201d, apunt\u00f3 Avruj a este diario.<\/p>\n<p>LA ONU se hizo eco de la denuncia por la desaparici\u00f3n de Maldonado apenas una semana despu\u00e9s de producido el hecho. Fue el Comit\u00e9 de las Naciones Unidas contra las desapariciones forzadas quien, a partir de un pedido del Centro de Estudios Legales y Sociales dos d\u00edas antes, intervino con un reclamo liso y llano al Estado argentino: exigi\u00f3 que adopte como \u201cacci\u00f3n urgente una estrategia integral y exhaustiva\u201d que incluya \u201ctodas las medidas urgentes que sean necesarias\u201d para buscar a Santiago Maldonado y localizarlo. El Comit\u00e9 tom\u00f3 el caso como una desaparici\u00f3n forzada, de la misma manera que lo entendieron desde el primer d\u00eda de ausencia los organismos de derechos humanos, la comunidad mapuche y la familia del joven. Maldonado estaba aquel 1 de agosto en el territorio de la Pu Lof en resistencia de Cushamen, en Chubut, y sufri\u00f3, junto a integrantes de la comunidad mapuche, la brutal represi\u00f3n que despleg\u00f3 Gendarmer\u00eda. Desde ese 1 de agosto, habitantes de la comunidad denunciaron que vieron c\u00f3mo gendarmes le pegaron a Santiago, lo cargaron en un cami\u00f3n primero, luego en una camioneta, y se lo llevaron.<\/p>\n<p>Amnist\u00eda Internacional tambi\u00e9n intervino en el caso, desarroll\u00f3 una acci\u00f3n urgente para pedir por la aparici\u00f3n de Maldonado y, semanas despu\u00e9s, la Comisi\u00f3n Interamericana de Derechos Humanos otorg\u00f3 una medida cautelar para proteger sus derechos de Maldonado y reclam\u00f3 al Gobierno informaci\u00f3n sobre las acciones adoptadas a fin de investigar los hechos ocurridos.<\/p>\n<h6>Fuente: P\u00e1gina 12<\/h6>\n","protected":false},"excerpt":{"rendered":"<p>La Oficina para Am\u00e9rica del Sur del Alto Comisionado para los Derechos Humanos advirti\u00f3 sobre la falta de progreso de las investigaciones. Buscan dar asistencia t\u00e9cnica a la familia.<\/p>\n","protected":false},"author":2,"featured_media":67342,"comment_status":"closed","ping_status":"closed","sticky":false,"template":"","format":"standard","meta":{"footnotes":""},"categories":[8],"tags":[21],"class_list":["post-67341","post","type-post","status-publish","format-standard","has-post-thumbnail","hentry","category-informe-nacional","tag-argentina"],"_links":{"self":[{"href":"http:\/\/argentinamunicipal.com.ar\/argentina\/wp-json\/wp\/v2\/posts\/67341","targetHints":{"allow":["GET"]}}],"collection":[{"href":"http:\/\/argentinamunicipal.com.ar\/argentina\/wp-json\/wp\/v2\/posts"}],"about":[{"href":"http:\/\/argentinamunicipal.com.ar\/argentina\/wp-json\/wp\/v2\/types\/post"}],"author":[{"embeddable":true,"href":"http:\/\/argentinamunicipal.com.ar\/argentina\/wp-json\/wp\/v2\/users\/2"}],"replies":[{"embeddable":true,"href":"http:\/\/argentinamunicipal.com.ar\/argentina\/wp-json\/wp\/v2\/comments?post=67341"}],"version-history":[{"count":0,"href":"http:\/\/argentinamunicipal.com.ar\/argentina\/wp-json\/wp\/v2\/posts\/67341\/revisions"}],"wp:featuredmedia":[{"embeddable":true,"href":"http:\/\/argentinamunicipal.com.ar\/argentina\/wp-json\/wp\/v2\/media\/67342"}],"wp:attachment":[{"href":"http:\/\/argentinamunicipal.com.ar\/argentina\/wp-json\/wp\/v2\/media?parent=67341"}],"wp:term":[{"taxonomy":"category","embeddable":true,"href":"http:\/\/argentinamunicipal.com.ar\/argentina\/wp-json\/wp\/v2\/categories?post=67341"},{"taxonomy":"post_tag","embeddable":true,"href":"http:\/\/argentinamunicipal.com.ar\/argentina\/wp-json\/wp\/v2\/tags?post=67341"}],"curies":[{"name":"wp","href":"https:\/\/api.w.org\/{rel}","templated":true}]}}