{"id":67405,"date":"2017-09-07T07:25:57","date_gmt":"2017-09-07T10:25:57","guid":{"rendered":"http:\/\/argentinamunicipal.com.ar\/argentina\/?p=67405"},"modified":"2017-09-07T07:25:57","modified_gmt":"2017-09-07T10:25:57","slug":"intendente-santa-fe-participa-washington-foro-ciudades-innovadoras","status":"publish","type":"post","link":"http:\/\/argentinamunicipal.com.ar\/argentina\/intendente-santa-fe-participa-washington-foro-ciudades-innovadoras\/","title":{"rendered":"El intendente de Santa Fe\u00a0participa en Washington de un foro sobre ciudades innovadoras"},"content":{"rendered":"<p>Dar\u00e1 una conferencia sobre ciudades competitivas y cambio clim\u00e1tico. El Litoral cubre el evento, que re\u00fane a intendentes y alcaldes de localidades de EE.UU., M\u00e9xico, Francia y Reino Unido, entre otras.<\/p>\n<p>La ciudad de Santa Fe participa esta semana del Foro \u201cHacia ciudades innovadoras y competitivas\u201d, que se realiza en Washington (Estados Unidos) y es impulsado por el Banco Interamericano de Desarrollo (BID). Especialmente invitado por la organizaci\u00f3n, el intendente Jos\u00e9 Corral brindar\u00e1 una conferencia en torno a \u201cCiudades competitivas y cambio clim\u00e1tico\u201d, donde compartir\u00e1 la experiencia de Santa Fe en materia de resiliencia y gesti\u00f3n de riesgo.<\/p>\n<p>La charla, \u00fanica en su tipo en la programaci\u00f3n del evento, tendr\u00e1 formato de entrevista entre el mandatario local y Ver\u00f3nica Adler, especialista l\u00edder de la Divisi\u00f3n de Vivienda y Desarrollo Urbano del BID.<\/p>\n<p>En el foro, que se desarrollar\u00e1 hoy y ma\u00f1ana, se congregar\u00e1n intendentes y alcaldes de M\u00e9xico, Brasil, Estados Unidos, Panam\u00e1, Belice, Chile, Uruguay, Argentina, Per\u00fa, Ecuador, Francia, Albania y Reino Unido. Tambi\u00e9n contar\u00e1 con la participaci\u00f3n de funcionarios de organismos internacionales, como 100 Ciudades Resilientes (100RC), el Instituto para el Clima y la Econom\u00eda de Par\u00eds, la Corporaci\u00f3n Interamericana de Inversiones (CII) y la Universidad de Harvard, entre otras entidades.<\/p>\n<p>En el marco de su agenda oficial, Corral mantendr\u00e1 reuniones con altos funcionarios del BID, autoridades de la embajada argentina y con el congresista dem\u00f3crata Albio Sires, que se desempe\u00f1a como vicepresidente de la Comisi\u00f3n de Relaciones Internacionales de la C\u00e1mara de Representantes estadounidense y que impuls\u00f3 el apoyo institucional del Congreso a la gesti\u00f3n del presidente Mauricio Macri, reafirmando al mismo tiempo la importancia de la relaci\u00f3n entre la Argentina y Estados Unidos.<\/p>\n<p><strong>Los ejes del evento<\/strong><\/p>\n<p>En las bases del foro se explica que el proceso de urbanizaci\u00f3n que est\u00e1 experimentando Am\u00e9rica Latina y el Caribe la ha convertido en la segunda regi\u00f3n m\u00e1s urbanizada del mundo, con un 80 % de la poblaci\u00f3n en ciudades.<\/p>\n<p>Los centros urbanos son el principal motor de las econom\u00edas de la regi\u00f3n. \u201cComo actores principales del crecimiento econ\u00f3mico en un mundo cada vez m\u00e1s interconectado, las ciudades compiten entre s\u00ed para mantener y atraer empresas y capital nacional e internacional\u201d, indican los expertos que organizan el foro.<\/p>\n<p>Por eso, el eje del evento es explorar diferentes maneras de crear ciudades m\u00e1s competitivas a partir de la redefinici\u00f3n y fortalecimiento de la gesti\u00f3n local en el \u00e1mbito econ\u00f3mico y en su relacionamiento con el sector privado; en el fomento de sectores econ\u00f3micos no tradicionales; la promoci\u00f3n de espacios y procesos de innovaci\u00f3n y estrategias de inclusi\u00f3n y resiliencia urbana.<\/p>\n<h6>Fuente: El Litoral<\/h6>\n","protected":false},"excerpt":{"rendered":"<p>Dar\u00e1 una conferencia sobre ciudades competitivas y cambio clim\u00e1tico. El Litoral cubre el evento, que re\u00fane a intendentes y alcaldes de localidades de EE.UU., M\u00e9xico, Francia y Reino Unido, entre otras.<\/p>\n","protected":false},"author":2,"featured_media":67406,"comment_status":"closed","ping_status":"closed","sticky":false,"template":"","format":"standard","meta":{"footnotes":""},"categories":[2],"tags":[10],"class_list":["post-67405","post","type-post","status-publish","format-standard","has-post-thumbnail","hentry","category-informe-municipal","tag-santa-fe"],"_links":{"self":[{"href":"http:\/\/argentinamunicipal.com.ar\/argentina\/wp-json\/wp\/v2\/posts\/67405","targetHints":{"allow":["GET"]}}],"collection":[{"href":"http:\/\/argentinamunicipal.com.ar\/argentina\/wp-json\/wp\/v2\/posts"}],"about":[{"href":"http:\/\/argentinamunicipal.com.ar\/argentina\/wp-json\/wp\/v2\/types\/post"}],"author":[{"embeddable":true,"href":"http:\/\/argentinamunicipal.com.ar\/argentina\/wp-json\/wp\/v2\/users\/2"}],"replies":[{"embeddable":true,"href":"http:\/\/argentinamunicipal.com.ar\/argentina\/wp-json\/wp\/v2\/comments?post=67405"}],"version-history":[{"count":0,"href":"http:\/\/argentinamunicipal.com.ar\/argentina\/wp-json\/wp\/v2\/posts\/67405\/revisions"}],"wp:featuredmedia":[{"embeddable":true,"href":"http:\/\/argentinamunicipal.com.ar\/argentina\/wp-json\/wp\/v2\/media\/67406"}],"wp:attachment":[{"href":"http:\/\/argentinamunicipal.com.ar\/argentina\/wp-json\/wp\/v2\/media?parent=67405"}],"wp:term":[{"taxonomy":"category","embeddable":true,"href":"http:\/\/argentinamunicipal.com.ar\/argentina\/wp-json\/wp\/v2\/categories?post=67405"},{"taxonomy":"post_tag","embeddable":true,"href":"http:\/\/argentinamunicipal.com.ar\/argentina\/wp-json\/wp\/v2\/tags?post=67405"}],"curies":[{"name":"wp","href":"https:\/\/api.w.org\/{rel}","templated":true}]}}