{"id":67459,"date":"2017-09-08T07:08:00","date_gmt":"2017-09-08T10:08:00","guid":{"rendered":"http:\/\/argentinamunicipal.com.ar\/argentina\/?p=67459"},"modified":"2017-09-08T07:08:00","modified_gmt":"2017-09-08T10:08:00","slug":"bonadio-niega-identidad-al-ultimo-nieto-restituido","status":"publish","type":"post","link":"http:\/\/argentinamunicipal.com.ar\/argentina\/bonadio-niega-identidad-al-ultimo-nieto-restituido\/","title":{"rendered":"Bonadio niega su identidad al \u00faltimo nieto restituido"},"content":{"rendered":"<p>El pol\u00e9mico juez federal impidi\u00f3 que el nieto recuperado 122 pueda utilizar su verdadero nombre y apellido: Jos\u00e9 Bustamante Garc\u00eda<\/p>\n<p>Las Abuelas de Plaza de Mayo manifestaron hoy su repudio a la decisi\u00f3n del juez federal Claudio\u00a0Bonad\u00edo, quien rechaz\u00f3 el pedido de rectificaci\u00f3n de documentaci\u00f3n del nieto 122, hijo de los desaparecidos Iris N\u00e9lida Garc\u00eda Soler y Enrique Bustamante y restituido el 18 de abril de este a\u00f1o.<\/p>\n<p>El 17 de agosto pasado, tras conocer a su familia y la historia de sus padres, este nieto solicit\u00f3 al Juzgado a cargo del caso que se anule su documentaci\u00f3n actual y se lo inscriba como\u00a0Jos\u00e9 Bustamante Garc\u00eda.\u00a0Tres semanas despu\u00e9s, el m\u00e1s cuestionado de los jueces federales deneg\u00f3 el pedido bajo el argumento de que\u00a0\u201cno se trata del momento procesal adecuado\u201d.<\/p>\n<p>\u00abResulta insultante que Jos\u00e9\u00a0deba seguir circulando con documentaci\u00f3n falsa,que no refleja su verdadera identidad, cuando la justicia ya fue informada de que se trata del hijo de Iris y Enrique, nacido durante el cautiverio de su madre en la Escuela de Mec\u00e1nica de la Armada (ESMA), en julio de 1977. Enrique e Iris, embarazada de tres meses, fueron secuestrados el 31 de enero de ese a\u00f1o y, por testimonios, se supo que ambos estuvieron detenidos, primero en el Centro Clandestino Club Atl\u00e9tico y luego llevados a la ESMA\u00bb, manifestaron las Abuelas.<\/p>\n<p>El juez Bonad\u00edo tambi\u00e9n sostuvo que el pedido era improcedente porque el art\u00edculo 69 del nuevo C\u00f3digo Civil y Comercial de la Naci\u00f3n permite realizar el cambio\u00a0\u201coportunamente y sin intervenci\u00f3n judicial\u201d.<\/p>\n<p>Sin embargo, esa disposici\u00f3n\u00a0a\u00fan no ha sido reglamentada, por lo que acudir a esa v\u00eda, en los hechos, es m\u00e1s problem\u00e1tico y lento que realizar el cambio por medio de una orden judicial.\u00a0\u00abEn este sentido, advertimos que en el Senado de la Naci\u00f3n existe un proyecto de reforma a la ley del Registro Civil, para adecuarla a esta normativa, pendiente desde el 2 de junio de 2016, por lo que reclamamos su pronto tratamiento\u00bb, record\u00f3 el organismo.<\/p>\n<p>En ese sentido, agregaron que\u00a0\u00abes preocupante que Bonad\u00edo utilice argumentos meramente formales desconociendo la pr\u00e1ctica de los dem\u00e1s tribunales federales, que\u00a0en los \u00faltimos tiempos invariablemente realizaban con celeridad los tr\u00e1mites\u00a0para que los nietos y nietas puedan vivir con documentaci\u00f3n que acredite su verdadera identidad\u00bb.<\/p>\n<p>Desde el 18 de abril \u00faltimo, Jos\u00e9 sabe que su verdadero apellido es Bustamante Garc\u00eda, sin embargo, frente a cada tr\u00e1mite en el que se le requiere su identificaci\u00f3n,\u00a0es revictimizado al tener que presentarse con una identidad que no le pertenece.<\/p>\n<p>\u00abAnte esta arbitraria decisi\u00f3n, Abuelas de Plaza de Mayo acompa\u00f1a a Jos\u00e9 en su apelaci\u00f3n.\u00a0Esperamos que la C\u00e1mara Federal permita que lleve en su documento, lo antes posible, el apellido que le corresponde: Bustamante Garc\u00eda\u00bb, concluye el comunicado de Abuelas.<\/p>\n<h6>Fuente: InfoNews<\/h6>\n","protected":false},"excerpt":{"rendered":"<p>El pol\u00e9mico juez federal impidi\u00f3 que el nieto recuperado 122 pueda utilizar su verdadero nombre y apellido: Jos\u00e9 Bustamante Garc\u00eda<\/p>\n","protected":false},"author":2,"featured_media":67460,"comment_status":"closed","ping_status":"closed","sticky":false,"template":"","format":"standard","meta":{"footnotes":""},"categories":[8],"tags":[21],"class_list":["post-67459","post","type-post","status-publish","format-standard","has-post-thumbnail","hentry","category-informe-nacional","tag-argentina"],"_links":{"self":[{"href":"http:\/\/argentinamunicipal.com.ar\/argentina\/wp-json\/wp\/v2\/posts\/67459","targetHints":{"allow":["GET"]}}],"collection":[{"href":"http:\/\/argentinamunicipal.com.ar\/argentina\/wp-json\/wp\/v2\/posts"}],"about":[{"href":"http:\/\/argentinamunicipal.com.ar\/argentina\/wp-json\/wp\/v2\/types\/post"}],"author":[{"embeddable":true,"href":"http:\/\/argentinamunicipal.com.ar\/argentina\/wp-json\/wp\/v2\/users\/2"}],"replies":[{"embeddable":true,"href":"http:\/\/argentinamunicipal.com.ar\/argentina\/wp-json\/wp\/v2\/comments?post=67459"}],"version-history":[{"count":0,"href":"http:\/\/argentinamunicipal.com.ar\/argentina\/wp-json\/wp\/v2\/posts\/67459\/revisions"}],"wp:featuredmedia":[{"embeddable":true,"href":"http:\/\/argentinamunicipal.com.ar\/argentina\/wp-json\/wp\/v2\/media\/67460"}],"wp:attachment":[{"href":"http:\/\/argentinamunicipal.com.ar\/argentina\/wp-json\/wp\/v2\/media?parent=67459"}],"wp:term":[{"taxonomy":"category","embeddable":true,"href":"http:\/\/argentinamunicipal.com.ar\/argentina\/wp-json\/wp\/v2\/categories?post=67459"},{"taxonomy":"post_tag","embeddable":true,"href":"http:\/\/argentinamunicipal.com.ar\/argentina\/wp-json\/wp\/v2\/tags?post=67459"}],"curies":[{"name":"wp","href":"https:\/\/api.w.org\/{rel}","templated":true}]}}