{"id":67527,"date":"2017-09-12T07:12:40","date_gmt":"2017-09-12T10:12:40","guid":{"rendered":"http:\/\/argentinamunicipal.com.ar\/argentina\/?p=67527"},"modified":"2017-09-12T07:12:40","modified_gmt":"2017-09-12T10:12:40","slug":"arsenal-los-mas-necesitados","status":"publish","type":"post","link":"http:\/\/argentinamunicipal.com.ar\/argentina\/arsenal-los-mas-necesitados\/","title":{"rendered":"Todo el arsenal contra los m\u00e1s necesitados"},"content":{"rendered":"<p>Frente al esc\u00e1ndalo por la baja de 170 mil pensiones no contributivas, el Gobierno hab\u00eda prometido reponer ese derecho. Pero a\u00fan hab\u00eda m\u00e1s de 100 mil damnificados y la Justicia fall\u00f3 en su favor. El Ejecutivo logr\u00f3 pararlo con la apelaci\u00f3n.<\/p>\n<p>El Gobierno apel\u00f3 la medida cautelar dictada a nivel nacional a favor de los damnificados por el recorte de las pensiones por invalidez, que obligaba a restituir ese derecho. Pese a que la ministra de Desarrollo Social, Carolina Stanley, hab\u00eda asegurado que dar\u00eda de alta el beneficio a todos los que hab\u00edan sufrido la suspensi\u00f3n o eliminaci\u00f3n, m\u00e1s de cien mil titulares siguen sin recibir la prestaci\u00f3n. La apelaci\u00f3n a la orden de la justicia de reponer los pagos da cuenta de la resistencia del Gobierno a restablecer las pensiones. Para m\u00e1s pesares de los pensionados, la jueza Adriana Camaratta, titular del Tribunal N\u00ba 8 del juzgado de la Seguridad Social, otorg\u00f3 la apelaci\u00f3n con efecto suspensivo, por lo cual la cautelar no se aplica hasta tanto el tema se trate en la C\u00e1mara de Apelaciones.<\/p>\n<p>Hasta el momento, Desarrollo Social restableci\u00f3 la mayor\u00eda de las pensiones suspendidas este a\u00f1o, pero dej\u00f3 sin reponer las quitadas en 2016. Seg\u00fan hab\u00eda reconocido la cartera que conduce Stanley en un comunicado oficial, el a\u00f1o pasado se eliminaron 90.000 pensiones no contributivas. De acuerdo con cifras de la Fundaci\u00f3n Soberan\u00eda Sanitaria, con la aceleraci\u00f3n del proceso de eliminaci\u00f3n y suspensi\u00f3n desde comienzos de 2017, la cifra ascend\u00eda a m\u00e1s de 175 mil, de los cuales el 72 por ciento corresponde a casos por invalidez, quienes adem\u00e1s deben afrontar gastos de salud y sanitarios de hasta 40.000 pesos mensuales. Al darse de baja o suspenderse ese ingreso, tambi\u00e9n se interrumpen los planes de cobertura que brinda el Ministerio de Salud, tales como tratamientos de di\u00e1lisis para las personas con insuficiencia renal cr\u00f3nica y farmacol\u00f3gicos inmunosupresores para pacientes trasplantados.<\/p>\n<p>Distintas ONG realizaron presentaciones cautelares en diversos puntos del pa\u00eds, que fueron convalidadas en la Justicia, y a principios de mes hubo un primer fallo a nivel nacional. El Juzgado Federal de la Seguridad Social N\u00ba 8, a cargo de la jueza Camaratta, hab\u00eda dado lugar a un pedido efectuado por la Red de Personas con Discapacidad (Asociaci\u00f3n REDI) y orden\u00f3 al Ministerio de Desarrollo Social el restablecimiento de las pensiones de forma \u201cinmediata\u201d, en aquellos casos en que hubieran sido suspendidas \u201csin mediar resoluci\u00f3n fundada previa\u201d. Se trat\u00f3 del primer fallo con alcance en todo el pa\u00eds.<\/p>\n<p>\u201cHab\u00eda sido un fallo ejemplificador y bajo duros t\u00e9rminos, por lo que no entendemos que ahora acepte la apelaci\u00f3n con car\u00e1cter suspensivo sobre la cautelar\u201d, explic\u00f3 a este diario la abogada de REDI, Varina Suleiman. La apelaci\u00f3n era esperada por los abogados de REDI, pese a que Stanley insisti\u00f3 en que se dar\u00eda marcha atr\u00e1s con el recorte de pensiones por invalidez, pero lo que descoloc\u00f3 a los especialistas es que se suspenda la cobertura legal a los damnificados hasta que la C\u00e1mara decida sobre el tema. De hecho, el fallo de Camaratta del mi\u00e9rcoles pasado incluso dispon\u00eda la conformaci\u00f3n de una causa federal que agrupe a todos los reclamos en el territorio nacional.<\/p>\n<p>La apelaci\u00f3n no se hizo esperar y el jueves subsiguiente fue presentada por el Ministerio de Desarrollo y aprobada por la jueza, aunque en el sistema informativo reci\u00e9n se conoci\u00f3 durante la tarde de ayer. \u201cLa apelaci\u00f3n es una clara demostraci\u00f3n de la falta de voluntad pol\u00edtica de cumplir con la Convenci\u00f3n sobre los Derechos de las Personas con Discapacidad que, bajo el modelo social de discapacidad, reconoce el derecho a la protecci\u00f3n social y a la vida aut\u00f3noma (art. 28 y 19)\u201d, seg\u00fan comunic\u00f3 la Asociaci\u00f3n REDI.<\/p>\n<p>\u201cEsto nos deja sin tutela judicial efectiva y esperamos que llegue a la C\u00e1mara de manera urgente, porque se est\u00e1 dilatando el env\u00edo\u201d, detall\u00f3 Suleiman. La letrada explic\u00f3 que dar lugar a la apelaci\u00f3n es algo habitual si se cumplieron los pasos necesarios, pero la orden deber\u00eda haber sido sin efecto suspensivo sobre la cautelar. \u201cEl efecto de la medida es el principal problema para los damnificados que, en su mayor\u00eda, son por casos de invalidez\u201d, agreg\u00f3. Desde la Asociaci\u00f3n comenzaron a preparar un escrito para acelerar el proceso rechazando la apelaci\u00f3n que present\u00f3 la cartera de Stanley, dado el car\u00e1cter urgente que reviste la necesidad de los afectados de contar no s\u00f3lo con los 4000 pesos de asignaci\u00f3n sino con los descuentos y cobertura sanitaria asociada a las enfermedades y las discapacidades de los daminificados.<\/p>\n<h6>Fuente: P\u00e1gina 12<\/h6>\n","protected":false},"excerpt":{"rendered":"<p>Frente al esc\u00e1ndalo por la baja de 170 mil pensiones no contributivas, el Gobierno hab\u00eda prometido reponer ese derecho. Pero a\u00fan hab\u00eda m\u00e1s de 100 mil damnificados y la Justicia fall\u00f3 en su favor. <\/p>\n","protected":false},"author":2,"featured_media":67528,"comment_status":"closed","ping_status":"closed","sticky":false,"template":"","format":"standard","meta":{"footnotes":""},"categories":[8],"tags":[21],"class_list":["post-67527","post","type-post","status-publish","format-standard","has-post-thumbnail","hentry","category-informe-nacional","tag-argentina"],"_links":{"self":[{"href":"http:\/\/argentinamunicipal.com.ar\/argentina\/wp-json\/wp\/v2\/posts\/67527","targetHints":{"allow":["GET"]}}],"collection":[{"href":"http:\/\/argentinamunicipal.com.ar\/argentina\/wp-json\/wp\/v2\/posts"}],"about":[{"href":"http:\/\/argentinamunicipal.com.ar\/argentina\/wp-json\/wp\/v2\/types\/post"}],"author":[{"embeddable":true,"href":"http:\/\/argentinamunicipal.com.ar\/argentina\/wp-json\/wp\/v2\/users\/2"}],"replies":[{"embeddable":true,"href":"http:\/\/argentinamunicipal.com.ar\/argentina\/wp-json\/wp\/v2\/comments?post=67527"}],"version-history":[{"count":0,"href":"http:\/\/argentinamunicipal.com.ar\/argentina\/wp-json\/wp\/v2\/posts\/67527\/revisions"}],"wp:featuredmedia":[{"embeddable":true,"href":"http:\/\/argentinamunicipal.com.ar\/argentina\/wp-json\/wp\/v2\/media\/67528"}],"wp:attachment":[{"href":"http:\/\/argentinamunicipal.com.ar\/argentina\/wp-json\/wp\/v2\/media?parent=67527"}],"wp:term":[{"taxonomy":"category","embeddable":true,"href":"http:\/\/argentinamunicipal.com.ar\/argentina\/wp-json\/wp\/v2\/categories?post=67527"},{"taxonomy":"post_tag","embeddable":true,"href":"http:\/\/argentinamunicipal.com.ar\/argentina\/wp-json\/wp\/v2\/tags?post=67527"}],"curies":[{"name":"wp","href":"https:\/\/api.w.org\/{rel}","templated":true}]}}