{"id":67537,"date":"2017-09-12T07:29:41","date_gmt":"2017-09-12T10:29:41","guid":{"rendered":"http:\/\/argentinamunicipal.com.ar\/argentina\/?p=67537"},"modified":"2017-09-12T07:29:41","modified_gmt":"2017-09-12T10:29:41","slug":"proponen-concejales-sastre-trabajen-ad-honorem-la-dieta-se-destine-obras","status":"publish","type":"post","link":"http:\/\/argentinamunicipal.com.ar\/argentina\/proponen-concejales-sastre-trabajen-ad-honorem-la-dieta-se-destine-obras\/","title":{"rendered":"Proponen que concejales de Sastre trabajen ad honorem y que la dieta se destine a obras"},"content":{"rendered":"<p>La nueva Uni\u00f3n Vecinal que debut\u00f3 en las Paso en la cabecera departamental es quien lleva la iniciativa como uno de sus estandartes. Tambi\u00e9n plantean la idea de sumar m\u00e1s horas visibles a los ediles. Los dem\u00e1s frentes \u201cbochan\u201d la movida y coinciden en la negativa. Billetera mata grieta.<\/p>\n<p>El nuevo Frente que debut\u00f3 en los \u00faltimos comicios en la ciudad de Sastre vino recargado. La Junta Vecinal encabezada por Mario Broda ya tiene entre ceja y ceja las propuestas que impulsar\u00e1n en caso de llegar al Concejo. \u201cTenemos la idea de que los concejales trabajen ad honorem. Este a\u00f1o el presupuesto del recinto ser\u00e1 superior a los 2 millones de pesos. Pensamos que ese dinero debe volcarse a obras\u201d, explic\u00f3 quien comenz\u00f3 a hacer sus primeras armas en pol\u00edtica y aspira a llegar a ocupar una banca en el recinto de la cabecera del departamento San Mart\u00edn.<\/p>\n<p>Tambi\u00e9n pidi\u00f3 sumar horas visibles a los ediles. \u201cSer\u00edan seis horas m\u00e1s donde el cuerpo legislativo se reunir\u00eda con vecinos para escuchar reclamos en diferentes barrios y agilizar las soluciones v\u00eda Municipio\u201d. Sin embargo, la idea no cay\u00f3 demasiado bien en candidatos y funcionarios actuales quienes r\u00e1pidamente mostraron su negativa a la potencial iniciativa.<\/p>\n<p>El grupo no viene del palo de la pol\u00edtica. Est\u00e1 formado, en su mayor\u00eda, por j\u00f3venes que comienzan a hacer sus armas en este ambiente.<\/p>\n<p>La nueva Uni\u00f3n Vecinal est\u00e1 palanqueada por Luciano Caturelli, subsecretario de Coordinaci\u00f3n del Ministerio de Gobierno y Reforma del Estado del gobierno provincial. Y a pesar que el funcionario forma parte de Frente Progresista, la tensa relaci\u00f3n con la intendencia local lo llev\u00f3 a armar una lista para competir con el propio oficialismo sastrense que tiene el mismo color pol\u00edtico, aunque no hubo internas el pasado 13 de agosto.<\/p>\n<p>El nuevo bloque lleva como uno de sus estandartes desestimar su contribuci\u00f3n a la comunidad a cambio de una retribuci\u00f3n econ\u00f3mica. \u201cQueremos que los concejales trabajen ad honorem. Tenemos esa intenci\u00f3n, pero para que esto prospere debemos contar con el consenso de los dem\u00e1s candidatos y actuales ediles. El presupuesto de este a\u00f1o para el recinto supera los 2 millones de pesos. Proyectamos que esos montos lleguen al pueblo. Podr\u00eda ser mediante obras, por ejemplo\u201d, precis\u00f3 Broda.<\/p>\n<p>El candidato n\u00famero uno de la Vecinal aclar\u00f3 que todo trabajo debe tener una remuneraci\u00f3n, pero \u201cla pol\u00edtica pasa por una vocaci\u00f3n por la gente\u201d. En tanto, se\u00f1al\u00f3 que en la provincia de Santa Fe no existe un Concejo en el cual sus funcionarios no cobren. \u201cSer\u00eda un orgullo que Sastre sea el \u00fanico de ese estilo. Eso demostrar\u00eda que los pol\u00edticos trabajan por los vecinos. Considero que ac\u00e1 lo podemos hacer, cubriendo los gastos l\u00f3gicos del cuerpo legislativo, pero volcando en el pueblo el remanente. Hay satisfacciones mejores que el dinero, cosas que te da la vida y la plata no te brinda\u201d.<\/p>\n<p>Pero a quienes aspiran a ocupar una banca a partir de diciembre pr\u00f3ximo no le cay\u00f3 nada bien la propuesta. A pesar de las diferencias, todos \u201cbocharon\u201d la propuesta de cortar la dieta de los concejales. Broda, al respecto, no se mostr\u00f3 sorprendido por la negativa sobre la movida que gener\u00f3. Explic\u00f3 que no se pueden quemar recursos en salarios mientras haya necesidades del pueblo sin resolver. \u201cLa clase dirigencial debe dar su gesto de grandeza. No podemos seguir despilfarrando dinero en sueldos jer\u00e1rquicos con las necesidades que existe en la comunidad. Sastre, con todos los inconvenientes clim\u00e1ticos que tuvo, tiene falencias de a\u00f1os con el pavimento de las calles. Hay concejales que trabajaron mucho, y hay gran parte que calentaron la silla. En 28 a\u00f1os de Concejo, en el cual se cobr\u00f3 una dieta, se dilapid\u00f3 dinero\u201d, sentenci\u00f3.<\/p>\n<p><strong>M\u00e1s horas visibles<\/strong><\/p>\n<p>Pero no todo pasa por trabajar ad honorem para la Uni\u00f3n Vecinal. El primer candidato de la fuerza abri\u00f3 el abanico y fue un poco m\u00e1s a fondo. Es que de acuerdo a lo que indic\u00f3, en el Frente se empez\u00f3 a cocinar una idea para llevar a la Sala \u201cRa\u00fal Cragnolino\u201d mediante la cual se intentar\u00e1 sumarle horas de trabajo a los ediles. \u00bfC\u00f3mo ser\u00eda? De acuerdo al primer bosquejo, todos los lunes se realizar\u00edan encuentros con vecinos de diferentes sectores de la localidad para escuchar los reclamos. Los martes se tratar\u00edan en Comisi\u00f3n y luego continuar\u00eda su camino a las sesiones ordinarias. \u201cAgregar\u00edamos algunas horas m\u00e1s al cuerpo legislativo\u201d, sostuvo.<\/p>\n<p>Seg\u00fan detall\u00f3 Broda, la idea es dividir la localidad en cuatro cuadrantes y, de esa forma, realizar reuniones semanales con todos los integrantes del recinto para recoger reclamos. \u201cHabr\u00eda que hacer una ordenanza. Los seis ediles tendr\u00edan que ir todos los lunes a escuchar las necesidades de los vecinos. Si las reuniones con la comunidad son partidarias no terminan dando resultado. Ser\u00edan, aproximadamente, seis horas m\u00e1s de trabajo\u201d, detall\u00f3.<br \/>\nOtro que se opuso de manera contundente al recorte de la dieta fue Oscar Cagliero, actual edil del Frente Progresista que ir\u00e1 en busca de la renovaci\u00f3n de su banca. Tild\u00f3 a la idea de la Uni\u00f3n Vecinal como \u201clamentable y demag\u00f3gica\u201d, y asegur\u00f3 que es desafortunado realizar un lanzamiento de ese tipo en campa\u00f1a.<\/p>\n<p><strong>Pulgar abajo<\/strong><\/p>\n<p>La intenci\u00f3n de la Uni\u00f3n Vecinal de cortar con la dieta de los ediles sastrenses produjo un rechazo generalizado entre todos los candidatos a concejal. De lado quedaron los colores pol\u00edticos a la hora de emitir opini\u00f3n y, un\u00e1nimemente, todos coincidieron en un no rotundo como respuesta. Claro que cada camino fue diferente para llegar, en definitiva, al mismo destino.<\/p>\n<p>El primero en dar el visto negativo fue Albino Moreno, candidato por el justicialismo. \u201cTodo aquel que trabaje debe tener una remuneraci\u00f3n, aunque hay concejales que no han trabajado. Nunca nadie hizo la propuesta formal. Hay que estar dentro del Concejo para proponer, no se puede hacer esto en campa\u00f1a. Si Broda asume, debe llevar el proyecto. Si quiere donar el sueldo que lo haga. Sino tiene que presentar el proyecto en el recinto para que se vote\u201d.<\/p>\n<p>En la misma sinton\u00eda, Sergio Balbi, quien perdi\u00f3 la interna en el PJ local y ser\u00e1 el n\u00famero dos en la lista de Moreno, tambi\u00e9n mostr\u00f3 su negativa aunque se diferenci\u00f3 de algunos contrincantes. \u201cPodemos reducir el salario, cubrir los costos de gastos que tiene el concejal y con el excedente ayudar a comercios. Hablamos de gestionar cursos de capacitaci\u00f3n laboral. Se podr\u00edan gestionar capacitaciones de oficio para j\u00f3venes que quieran formarse. Solucionar\u00edamos la capacitaci\u00f3n en oficios y por otro lado tendr\u00edamos m\u00e1s personas en diferentes rubros. Vemos que hoy hay falta de personas de oficio\u201d, arroj\u00f3 como propuesta alternativa.<\/p>\n<p>Desde Cambiemos justificaron las razones por las cuales desaprueban la iniciativa de la Uni\u00f3n Vecinal. Leandro Baravalle que con 21 a\u00f1os se transform\u00f3 en el candidato m\u00e1s joven de todo pa\u00eds y fue quien m\u00e1s votos sac\u00f3 en las Paso sostuvo que si el trabajo en el Concejo se hace ad honorem se corre el riesgo de que la pol\u00edtica sea s\u00f3lo para \u201clos que ya tienen la vida salvada\u201d. Quien encabeza la lista del partido que conduce el pa\u00eds sostuvo tambi\u00e9n que si un concejal cumple con el rol para el cual fue elegido por la sociedad, debe percibir un ingreso. \u201cAh\u00ed est\u00e1 el punto de la cuesti\u00f3n, discutir cu\u00e1l es el rol que est\u00e1n teniendo los representantes en Sastre durante los \u00faltimos a\u00f1os y pensar que tipo de concejales queremos, unos que trabajen, que le dediquen tiempo, gestionen y preparen proyectos que den respuesta a los problemas o unos que solamente vayan a calentar una silla\u201d.<\/p>\n<p>Otro que se opuso de manera contundente al recorte de la dieta fue Oscar Cagliero, actual edil del Frente Progresista que ir\u00e1 en busca de la renovaci\u00f3n de su banca. Tild\u00f3 a la idea de la Uni\u00f3n Vecinal como \u201clamentable y demag\u00f3gica\u201d, y asegur\u00f3 que es desafortunado realizar un lanzamiento de ese tipo en campa\u00f1a. \u201cLos concejales tienen muchos gastos para gestionar. Adem\u00e1s hay que considerar que no todos estamos en la misma situaci\u00f3n econ\u00f3mica. Hay quienes deben dejar de lado horas de su trabajo para estar en el Concejo. Esto estar\u00eda en contra de la representatividad del Concejo. En lo que fall\u00f3 Broda es que habr\u00eda que trabajar ad-honorem. Deber\u00eda haber dicho que \u00e9l quer\u00eda donar su dieta, pero no que los dem\u00e1s tendr\u00edan que trabajar ad honorem\u201d.<\/p>\n<p>Quien representa la lista del oficialismo local en Sastre indic\u00f3 que el candidato del flamante bloque posee un \u201cdesconocimiento muy grande\u201d. En tanto, aclar\u00f3 que su partido ya impuls\u00f3 esa clase de encuentros vecinales en los barrios hace tiempo atr\u00e1s. \u201cSolucionamos algunos problemas, sencillos, pero problemas en fin. Antes de entrar al Concejo present\u00e9 un proyecto similar. No me asusta trabajar m\u00e1s horas visibles\u201d.<\/p>\n<p>Por \u00faltimo, Eva Lucero actual concejal justicialista tampoco vio con buenos ojos la idea lanzada por Broda. La edil fue tajante y se mostr\u00f3 en contra de la iniciativa: \u201cSi quiere donar su sueldo que lo haga. Yo trabajo, tengo gastos y para m\u00ed es un \u00e1rea laboral. No estoy de acuerdo\u201d, sentenci\u00f3 de entrada.<\/p>\n<p>Pero la funcionaria fue un poco m\u00e1s lejos con las cr\u00edticas y pidi\u00f3 a quienes ir\u00e1n en busca de una banca en los pr\u00f3ximos comicios que \u201copinen con conocimiento de causa y hablen desde adentro para entender la forma en la cual se trabaja como cuerpo legislativo\u201d, y agreg\u00f3: \u201cLo que recibo es porque trabajo. Yo me compromet\u00ed, tengo reuniones y viajo para asesorarme y llevar soluciones a la sociedad\u201d.<\/p>\n<p>Para finalizar, Lucero sostuvo que la discusi\u00f3n debe darse dentro del recinto en caso que Broda eleve un proyecto. Adem\u00e1s se mostr\u00f3 a favor que en situaciones excepcionales los concejales no reciban su dieta adecuadamente. \u201cA nadie le gusta ir a trabajar sin que se le pague. Que no se cobre porque no se trabaj\u00f3 como el a\u00f1o pasado, me parece bien. Pero no coincido con la idea que se trabaje ad honorem\u201d.<\/p>\n<h6>Fuetne: El Litoral<\/h6>\n","protected":false},"excerpt":{"rendered":"<p>La nueva Uni\u00f3n Vecinal que debut\u00f3 en las Paso en la cabecera departamental es quien lleva la iniciativa como uno de sus estandartes. <\/p>\n","protected":false},"author":2,"featured_media":67538,"comment_status":"closed","ping_status":"closed","sticky":false,"template":"","format":"standard","meta":{"footnotes":""},"categories":[4],"tags":[10],"class_list":["post-67537","post","type-post","status-publish","format-standard","has-post-thumbnail","hentry","category-informe-politico","tag-santa-fe"],"_links":{"self":[{"href":"http:\/\/argentinamunicipal.com.ar\/argentina\/wp-json\/wp\/v2\/posts\/67537","targetHints":{"allow":["GET"]}}],"collection":[{"href":"http:\/\/argentinamunicipal.com.ar\/argentina\/wp-json\/wp\/v2\/posts"}],"about":[{"href":"http:\/\/argentinamunicipal.com.ar\/argentina\/wp-json\/wp\/v2\/types\/post"}],"author":[{"embeddable":true,"href":"http:\/\/argentinamunicipal.com.ar\/argentina\/wp-json\/wp\/v2\/users\/2"}],"replies":[{"embeddable":true,"href":"http:\/\/argentinamunicipal.com.ar\/argentina\/wp-json\/wp\/v2\/comments?post=67537"}],"version-history":[{"count":0,"href":"http:\/\/argentinamunicipal.com.ar\/argentina\/wp-json\/wp\/v2\/posts\/67537\/revisions"}],"wp:featuredmedia":[{"embeddable":true,"href":"http:\/\/argentinamunicipal.com.ar\/argentina\/wp-json\/wp\/v2\/media\/67538"}],"wp:attachment":[{"href":"http:\/\/argentinamunicipal.com.ar\/argentina\/wp-json\/wp\/v2\/media?parent=67537"}],"wp:term":[{"taxonomy":"category","embeddable":true,"href":"http:\/\/argentinamunicipal.com.ar\/argentina\/wp-json\/wp\/v2\/categories?post=67537"},{"taxonomy":"post_tag","embeddable":true,"href":"http:\/\/argentinamunicipal.com.ar\/argentina\/wp-json\/wp\/v2\/tags?post=67537"}],"curies":[{"name":"wp","href":"https:\/\/api.w.org\/{rel}","templated":true}]}}