{"id":67555,"date":"2017-09-12T06:18:37","date_gmt":"2017-09-12T09:18:37","guid":{"rendered":"http:\/\/argentinamunicipal.com.ar\/argentina\/?p=67555"},"modified":"2017-09-12T08:21:14","modified_gmt":"2017-09-12T11:21:14","slug":"mas-precios-menos-consumo","status":"publish","type":"post","link":"http:\/\/argentinamunicipal.com.ar\/argentina\/mas-precios-menos-consumo\/","title":{"rendered":"M\u00e1s precios, menos consumo"},"content":{"rendered":"<p>El alza de precios se ubica en 24,1 por ciento para los \u00faltimos doce meses, siete puntos por arriba de la pauta oficial. Los relevamientos de consumo masivo indican que la ca\u00edda no se detuvo y ya suma veinti\u00fan meses seguidos.<\/p>\n<p>Los aumentos de precios de los alimentos y las subas en las cuotas de las prepagas impulsan la inflaci\u00f3n. El denominado IPC Congreso difundido por un conjunto de legisladores opositores arroj\u00f3 en agosto un incremento del 1,5 por ciento mensual y registran un aumento del 24,1 por ciento interanual. Durante los primeros ocho meses de 2017 la cifra que se construye promediando mediciones privadas acumul\u00f3 un alza del 15,7 por ciento. Las estimaciones del Indec se conocer\u00e1n hoy. Los informes oficiales vienen arrojando variaciones por debajo de las publicadas por institutos estad\u00edsticos provinciales, universidades y consultoras. Incluso cuando se mantenga esa tendencia es improbable que el Banco Central cumpla con su meta de inflaci\u00f3n del 12-17 por ciento. Para que los aumentos de precios se ubiquen por debajo del 20 por ciento interanual las subas no deber\u00edan superar el 1,0 por ciento mensual entre septiembre y diciembre. El sostenido ritmo de aumento en los alimentos as\u00ed como las subas previstas en las tarifas y los combustibles colisionan con la pretensi\u00f3n del Gobierno.<\/p>\n<p>\u201cEl consumo, principal variable dinamizadora del modelo econ\u00f3mico anterior (y el principal componente de la demanda agregada), se encuentra actualmente m\u00e1s rezagado\u201d, advirti\u00f3 Ecolatina. El informe de la consultora sostiene que \u201ca pesar de la paulatina recuperaci\u00f3n del gasto de las familias, las ventas de bienes de consumo masivo a\u00fan no repuntan\u201d. Sin embargo, el documento difundido ayer indica que los canales mayoristas y tradicionales aumentan las ventas en contraposici\u00f3n de la ca\u00edda en supermercados e hipermercados.<\/p>\n<p>Un relevamiento de la consultora Kantar WorldPanel indic\u00f3 que tras la ca\u00edda de 4 por ciento anual de 2016, la adquisici\u00f3n de bienes de consumo masivo exhibi\u00f3 una contracci\u00f3n de 3 por ciento en los primeros seis meses del a\u00f1o. Desde Ecolatina sostienen que, no obstante, la evoluci\u00f3n de las ventas de estos bienes muestra un comportamiento heterog\u00e9neo entre los distintos canales de comercializaci\u00f3n. En el primer semestre de 2017, la facturaci\u00f3n de los hipermercados y supermercados acumula una ca\u00edda superior al 10 por ciento. Por el contrario, en la primera mitad del a\u00f1o, las familias aumentaron sus compras en torno al 25 por ciento en el canal mayorista y alrededor del 8 por ciento en almacenes.<\/p>\n<p>De acuerdo a Ecolatina, en lo que va del a\u00f1o los precios en los comercios mayoristas y tradicionales evidenciaron un alza m\u00e1s moderada respecto a la registrada en los supermercados e hipermercados. Mientras que en los dos primeros canales el aumento de la canasta acumul\u00f3 un alza en torno al 14,5 por ciento en los primeros ocho meses del a\u00f1o (1,7 por ciento promedio mensual), en los supermercados el incremento fue superior al 18 por ciento (2,1 promedio mensual).<\/p>\n<p>La semana pasada se conoci\u00f3 el resultado del relevamiento del Instituto Estad\u00edstico de los Trabajadores de la UMET. La inflaci\u00f3n del mes pasado se ubic\u00f3 en el 1,4 por ciento, lo que representa un salto del 25 por ciento interanual. Las mediciones del IET permiten estimar el impacto de los precios sobre los distintos segmentos de la poblaci\u00f3n: cuando se contabiliza la inflaci\u00f3n acumulada desde noviembre de 2015 se puede observar que el 10 por ciento de menores ingresos acumula subas del 81,5 por ciento mientras que el 10 por ciento m\u00e1s acomodado experiment\u00f3 aumentos del 62,1 por ciento (19,4 puntos de diferencia).<\/p>\n<h6>Fuente: P\u00e1gina 12<\/h6>\n","protected":false},"excerpt":{"rendered":"<p>El alza de precios se ubica en 24,1 por ciento para los \u00faltimos doce meses, siete puntos por arriba de la pauta oficial. Los relevamientos de consumo masivo indican que la ca\u00edda no se detuvo y ya suma veinti\u00fan meses seguidos.<\/p>\n","protected":false},"author":2,"featured_media":67556,"comment_status":"closed","ping_status":"closed","sticky":false,"template":"","format":"standard","meta":{"footnotes":""},"categories":[8],"tags":[21],"class_list":["post-67555","post","type-post","status-publish","format-standard","has-post-thumbnail","hentry","category-informe-nacional","tag-argentina"],"_links":{"self":[{"href":"http:\/\/argentinamunicipal.com.ar\/argentina\/wp-json\/wp\/v2\/posts\/67555","targetHints":{"allow":["GET"]}}],"collection":[{"href":"http:\/\/argentinamunicipal.com.ar\/argentina\/wp-json\/wp\/v2\/posts"}],"about":[{"href":"http:\/\/argentinamunicipal.com.ar\/argentina\/wp-json\/wp\/v2\/types\/post"}],"author":[{"embeddable":true,"href":"http:\/\/argentinamunicipal.com.ar\/argentina\/wp-json\/wp\/v2\/users\/2"}],"replies":[{"embeddable":true,"href":"http:\/\/argentinamunicipal.com.ar\/argentina\/wp-json\/wp\/v2\/comments?post=67555"}],"version-history":[{"count":0,"href":"http:\/\/argentinamunicipal.com.ar\/argentina\/wp-json\/wp\/v2\/posts\/67555\/revisions"}],"wp:featuredmedia":[{"embeddable":true,"href":"http:\/\/argentinamunicipal.com.ar\/argentina\/wp-json\/wp\/v2\/media\/67556"}],"wp:attachment":[{"href":"http:\/\/argentinamunicipal.com.ar\/argentina\/wp-json\/wp\/v2\/media?parent=67555"}],"wp:term":[{"taxonomy":"category","embeddable":true,"href":"http:\/\/argentinamunicipal.com.ar\/argentina\/wp-json\/wp\/v2\/categories?post=67555"},{"taxonomy":"post_tag","embeddable":true,"href":"http:\/\/argentinamunicipal.com.ar\/argentina\/wp-json\/wp\/v2\/tags?post=67555"}],"curies":[{"name":"wp","href":"https:\/\/api.w.org\/{rel}","templated":true}]}}