{"id":67574,"date":"2017-09-13T07:12:28","date_gmt":"2017-09-13T10:12:28","guid":{"rendered":"http:\/\/argentinamunicipal.com.ar\/argentina\/?p=67574"},"modified":"2017-09-13T07:12:28","modified_gmt":"2017-09-13T10:12:28","slug":"rosario-tres-radicales-dejaron-municipio-cruje-frente-progresista","status":"publish","type":"post","link":"http:\/\/argentinamunicipal.com.ar\/argentina\/rosario-tres-radicales-dejaron-municipio-cruje-frente-progresista\/","title":{"rendered":"Rosario: Tres radicales dejaron el municipio y cruje el Frente Progresista"},"content":{"rendered":"<p>Del Vecchio renunci\u00f3 a la Secretaria de Producci\u00f3n. Otros dos dirigentes de la UCR abandonaron el gabinete de Fein. Tensi\u00f3n interna entre los aliados<\/p>\n<p>Tres funcionarios radicales abandonaron el gabinete municipal de M\u00f3nica Fein y dejaron al Frente Progresista al borde de una crisis pol\u00edtica tras el p\u00e9simo resultado del oficialismo en las primarias de agosto. Ignacio Del Vecchio renunci\u00f3 al frente de la Secretar\u00eda de la Producci\u00f3n y lo propio hicieron la ahora ex subsecretaria de Salud, Angela Prigione y el hasta ayer director del Distrito Sudoeste, Javier Gonz\u00e1lez, todos enrolados en el sector de la UCR que conduce el diputado provincial y l\u00edder del partido en Santa Fe, Juli\u00e1n Galdeano, y el concejal Mart\u00edn Ros\u00faa.Falta de di\u00e1logo interno, cr\u00edticas a la conducci\u00f3n socialista de la coalici\u00f3n gobernante en la ciudad y profundas diferencias sobre el escenario nacional fueron las razones esgrimidas por estos dirigentes para irse de la gesti\u00f3n de la intendenta.<\/p>\n<p>\u00abLa decisi\u00f3n estaba tomada antes de las Paso, pero por prudencia pol\u00edtica no se concret\u00f3. Fue una resoluci\u00f3n previsible ya que a estos funcionarios les hab\u00edan sacado atribuciones y les hab\u00edan vaciado de contenido las \u00e1reas que ten\u00edan a su cargo\u00bb, explic\u00f3 un referente del sector.<\/p>\n<p>\u00abEl problema \u2014cont\u00f3 otro dirigente radical\u2014 es que desde hace unos meses los actos de gobierno se han convertido en actos de campa\u00f1a y al estar jugando en distintos espacios era insostenible seguir en el gabinete\u00bb.<\/p>\n<p>Los tres funcionarios que se fueron de la Intendencia apoyaron a Ros\u00faa como aspirante a renovar su banca en el Concejo desde la UCR, por fuera del Frente Progresista. En la campa\u00f1a, el sector tuvo un discurso cr\u00edtico del socialismo y se mostr\u00f3 m\u00e1s cercano al PRO y a Cambiemos.<\/p>\n<p>Ros\u00faa hac\u00eda tiempo que ven\u00eda marcando distancia con el PS y no disimulaba su di\u00e1logo con el macrismo local.<\/p>\n<p>Ya despu\u00e9s de la elecci\u00f3n primaria empez\u00f3 a llevar adelante proyectos y gestiones pol\u00edticas con el PRO bajo el paraguas de Cambiemos.<\/p>\n<p>En caso de lograr ser reelecto, misi\u00f3n para nada sencilla teniendo en cuenta la magra cosecha electoral que tuvo en la primaria, dejar\u00e1 el interbloque del Frente Progresista y jugar\u00e1 en Cambiemos.<\/p>\n<p>\u00abLa situaci\u00f3n ya era insostenible antes de las elecciones. El resultado electoral, donde arras\u00f3 el PRO y el Frente fue un fracaso, aceler\u00f3 los tiempos y las decisiones. No hay lugar para los grises, o se est\u00e1 con Cambiemos o con el kirchnerismo\u00bb, dijo un operador de la conducci\u00f3n de la UCR provincial.<\/p>\n<p>El otro sector del radicalismo aliado al socialismo en el Frente Progresista, el que lidera la concejala Mar\u00eda Eugenia Schmuck, tambi\u00e9n est\u00e1 empezando a analizar su continuidad en la coalici\u00f3n gobernante en la ciudad.<\/p>\n<p>El lunes, a un mes de las Paso, Schmuck se reuni\u00f3 con el diputado socialista Rub\u00e9n Galassi y el ministro de Seguridad radical, Maximiliano Pullaro, para analizar el resultado de las elecciones y c\u00f3mo sigue el armado pol\u00edtico del Frente de cara a octubre.<\/p>\n<p>En el c\u00f3nclave hubo un intenso pase de facturas al estilo de conducci\u00f3n del socialismo, a la falta de di\u00e1logo institucional, la escasa renovaci\u00f3n y el esquema de toma de decisiones.<\/p>\n<p>\u00abEl lunes renunci\u00f3 un secretario del Ejecutivo de extracci\u00f3n radical y un d\u00eda despu\u00e9s la intendenta nombr\u00f3 a su reemplazante del propio socialismo (la economista Mar\u00eda Fernanda Ghilardi). Ni siquiera nos consultaron para acordar al sucesor, su perfil, a\u00fan siendo del mismo partido del funcionario que dej\u00f3 el cargo. Act\u00faan con soberbia y encerrados\u00bb, dispar\u00f3 un militante del sector de Schmuck y el edil Sebasti\u00e1n Chale.<\/p>\n<p>Por ahora ambos continuar\u00e1n en el Frente, pero reclamaron a viva voz un amplio espacio de discusi\u00f3n interna sobre los errores cometidos. \u00abHace falta una profunda y sincera autocr\u00edtica. Los votos hablaron\u00bb, remarcaron puertas adentro.<\/p>\n<p>Despu\u00e9s de octubre, dependiendo el resultado y el rumbo de la gesti\u00f3n, todo puede pasar en el Frente.<\/p>\n<p>\u00abA estos funcionarios\u00a0les hab\u00edan sacado\u00a0atribuciones y vaciado de contenido sus \u00e1reas. Era insostenible seguir\u00bb<\/p>\n<p>El sector radical que lidera Schmuck tambi\u00e9n analiza su continuidad en la coalici\u00f3n ante la falta de di\u00e1logo y acuerdos<\/p>\n<h6>Fuente: La Capital Rosario<\/h6>\n","protected":false},"excerpt":{"rendered":"<p>Del Vecchio renunci\u00f3 a la Secretaria de Producci\u00f3n. Otros dos dirigentes de la UCR abandonaron el gabinete de Fein. Tensi\u00f3n interna entre los aliados<\/p>\n","protected":false},"author":2,"featured_media":67575,"comment_status":"closed","ping_status":"closed","sticky":false,"template":"","format":"standard","meta":{"footnotes":""},"categories":[4],"tags":[10],"class_list":["post-67574","post","type-post","status-publish","format-standard","has-post-thumbnail","hentry","category-informe-politico","tag-santa-fe"],"_links":{"self":[{"href":"http:\/\/argentinamunicipal.com.ar\/argentina\/wp-json\/wp\/v2\/posts\/67574","targetHints":{"allow":["GET"]}}],"collection":[{"href":"http:\/\/argentinamunicipal.com.ar\/argentina\/wp-json\/wp\/v2\/posts"}],"about":[{"href":"http:\/\/argentinamunicipal.com.ar\/argentina\/wp-json\/wp\/v2\/types\/post"}],"author":[{"embeddable":true,"href":"http:\/\/argentinamunicipal.com.ar\/argentina\/wp-json\/wp\/v2\/users\/2"}],"replies":[{"embeddable":true,"href":"http:\/\/argentinamunicipal.com.ar\/argentina\/wp-json\/wp\/v2\/comments?post=67574"}],"version-history":[{"count":0,"href":"http:\/\/argentinamunicipal.com.ar\/argentina\/wp-json\/wp\/v2\/posts\/67574\/revisions"}],"wp:featuredmedia":[{"embeddable":true,"href":"http:\/\/argentinamunicipal.com.ar\/argentina\/wp-json\/wp\/v2\/media\/67575"}],"wp:attachment":[{"href":"http:\/\/argentinamunicipal.com.ar\/argentina\/wp-json\/wp\/v2\/media?parent=67574"}],"wp:term":[{"taxonomy":"category","embeddable":true,"href":"http:\/\/argentinamunicipal.com.ar\/argentina\/wp-json\/wp\/v2\/categories?post=67574"},{"taxonomy":"post_tag","embeddable":true,"href":"http:\/\/argentinamunicipal.com.ar\/argentina\/wp-json\/wp\/v2\/tags?post=67574"}],"curies":[{"name":"wp","href":"https:\/\/api.w.org\/{rel}","templated":true}]}}