{"id":67577,"date":"2017-09-13T07:15:08","date_gmt":"2017-09-13T10:15:08","guid":{"rendered":"http:\/\/argentinamunicipal.com.ar\/argentina\/?p=67577"},"modified":"2017-09-13T07:15:08","modified_gmt":"2017-09-13T10:15:08","slug":"desaparicion-maldonado-patricia-bullrich-justifico-los-40-dias-ocultamiento","status":"publish","type":"post","link":"http:\/\/argentinamunicipal.com.ar\/argentina\/desaparicion-maldonado-patricia-bullrich-justifico-los-40-dias-ocultamiento\/","title":{"rendered":"Desaparici\u00f3n de Maldonado: Patricia Bullrich justific\u00f3 los 40 d\u00edas de ocultamiento"},"content":{"rendered":"<p>La ministra de Seguridad apunt\u00f3 a quienes hicieron pintadas en los cuarteles de Gendarmer\u00eda. \u00abNo vamos a ser pol\u00edticamente correctos\u00bb, dijo tambi\u00e9n.<\/p>\n<p>La cuestionada titular de la\u00a0cartera de Seguridad, Patricia Bullrich, volvi\u00f3 a justificar el\u00a0ocultamiento oficial y de Gendarmer\u00eda\u00a0sobre los hechos sucedidos en 1 de agosto \u00faltimo, cuando el joven Santiago Maldonado desapareci\u00f3 en el marco de un operativo de Gendarmer\u00eda.<\/p>\n<p>La ministra acus\u00f3 a quienes pintaron consignas contra la fuerza de seguridad y pidi\u00f3 \u00abpensar la escena\u00bb cuando fue consultada sobre el testimonio deGendarmer\u00eda que rompi\u00f3 40 d\u00edas de silencio. \u00abAc\u00e1 hubo una\u00a0Plaza (de Mayo) gritando \u00b4asesinos\u00b4, todos los cuarteles de la Gendarmer\u00eda pintados con la palabra \u00b4asesinos\u00b4. Hay que imaginar qu\u00e9 piensa un gendarme antes de declarar en ese marco de violencia\u00bb; justific\u00f3 en di\u00e1logo con el diario La Naci\u00f3n.<\/p>\n<p>Adem\u00e1s, resguard\u00f3 la responsabilidad de los\u00a0uniformados\u00a0al se\u00f1alar que \u00abel escenario fue tan brutal\u00bb (el escenario de las cr\u00edticas por la desaparici\u00f3n) que es posible que alguno no haya querido decir lo que dijo\u00bb.<br \/>\nEncima, remarc\u00f3 su labor al frente del ministerio y se\u00f1al\u00f3 que \u00ablo importante es estar a pesar del climna en el que vivimos\u00bb.<\/p>\n<p>Tambi\u00e9n se refiri\u00f3 al gendarme que habr\u00eda arrojado una piedra contra los manifestantes al decir que se trat\u00f3 de un oficial \u00abque rompi\u00f3 las normas\u00bb y que \u00abhizo algo mal\u00bb.<\/p>\n<p>Asimismo, volvi\u00f3 a decir que no quiere \u00abestigmatizar\u00bb a la fuerza y en particular al gendarme Robledo, que fue quien confes\u00f3 que hab\u00eda arrojado una piedr a los manifestantes \u00ab.<\/p>\n<p>Por \u00faltimo, se refiri\u00f3 a la tragedia de la desaparici\u00f3n de Santiago como \u00abun proceso de aprendizaje muy fuerte\u00bb y dijo esperar \u00abque los mismos\u00bb que piden su renuncia reconozcan el trabajo\u00bb que est\u00e1 encabezando como ministra.<\/p>\n<h6>Fuente: InfoNews<\/h6>\n","protected":false},"excerpt":{"rendered":"<p>La ministra de Seguridad apunt\u00f3 a quienes hicieron pintadas en los cuarteles de Gendarmer\u00eda. \u00abNo vamos a ser pol\u00edticamente correctos\u00bb, dijo tambi\u00e9n.<\/p>\n","protected":false},"author":2,"featured_media":67578,"comment_status":"closed","ping_status":"closed","sticky":false,"template":"","format":"standard","meta":{"footnotes":""},"categories":[8],"tags":[21],"class_list":["post-67577","post","type-post","status-publish","format-standard","has-post-thumbnail","hentry","category-informe-nacional","tag-argentina"],"_links":{"self":[{"href":"http:\/\/argentinamunicipal.com.ar\/argentina\/wp-json\/wp\/v2\/posts\/67577","targetHints":{"allow":["GET"]}}],"collection":[{"href":"http:\/\/argentinamunicipal.com.ar\/argentina\/wp-json\/wp\/v2\/posts"}],"about":[{"href":"http:\/\/argentinamunicipal.com.ar\/argentina\/wp-json\/wp\/v2\/types\/post"}],"author":[{"embeddable":true,"href":"http:\/\/argentinamunicipal.com.ar\/argentina\/wp-json\/wp\/v2\/users\/2"}],"replies":[{"embeddable":true,"href":"http:\/\/argentinamunicipal.com.ar\/argentina\/wp-json\/wp\/v2\/comments?post=67577"}],"version-history":[{"count":0,"href":"http:\/\/argentinamunicipal.com.ar\/argentina\/wp-json\/wp\/v2\/posts\/67577\/revisions"}],"wp:featuredmedia":[{"embeddable":true,"href":"http:\/\/argentinamunicipal.com.ar\/argentina\/wp-json\/wp\/v2\/media\/67578"}],"wp:attachment":[{"href":"http:\/\/argentinamunicipal.com.ar\/argentina\/wp-json\/wp\/v2\/media?parent=67577"}],"wp:term":[{"taxonomy":"category","embeddable":true,"href":"http:\/\/argentinamunicipal.com.ar\/argentina\/wp-json\/wp\/v2\/categories?post=67577"},{"taxonomy":"post_tag","embeddable":true,"href":"http:\/\/argentinamunicipal.com.ar\/argentina\/wp-json\/wp\/v2\/tags?post=67577"}],"curies":[{"name":"wp","href":"https:\/\/api.w.org\/{rel}","templated":true}]}}