{"id":67580,"date":"2017-09-13T07:20:07","date_gmt":"2017-09-13T10:20:07","guid":{"rendered":"http:\/\/argentinamunicipal.com.ar\/argentina\/?p=67580"},"modified":"2017-09-13T07:20:07","modified_gmt":"2017-09-13T10:20:07","slug":"las-preferencias-sindicales","status":"publish","type":"post","link":"http:\/\/argentinamunicipal.com.ar\/argentina\/las-preferencias-sindicales\/","title":{"rendered":"Las preferencias sindicales"},"content":{"rendered":"<p>Ambos sindicalistas, que pesan fuerte dentro de la CGT, hab\u00edan apoyado a Randazzo en las primarias. Ahora expresaron su decisi\u00f3n de respaldar a la ex presidenta porque es quien tiene posibilidades de derrotar al macrismo.<\/p>\n<p>La CGT no est\u00e1 exenta a la disputa electoral de octubre, al resultado y mucho menos a sus posibles consecuencias. Tal vez por eso, y de a poco, los principales dirigentes de la central obrera van deslizando sus preferencias. El domingo pasado fue el triunviro, H\u00e9ctor Daer, quien dijo que respaldar\u00e1 a quien le haga fuerza al gobierno nacional. Ayer fue el turno del hist\u00f3rico dirigente metal\u00fargico, Antonio Cal\u00f3, que reconoci\u00f3 que quiere que \u201c(el candidato de Unidad Ciudadana, Jorge) Taiana sea senador\u201d.<\/p>\n<p>En agosto pasado, tanto Daer como Cal\u00f3 apostaron sus fichas a Florencio Randazzo en las PASO. Pero el deslucido resultado del ex ministro del Interior y Transporte los llev\u00f3 a recalcular sus opciones y sin jugarse abiertamente por Unidad Ciudadana en general y por Cristina Kirchner en particular, comenzaron a plantear la necesidad de votar en la provincia de Buenos Aires a la oferta electoral que encabeza la ex presidenta.<\/p>\n<p>Consultado por lo que puede ocurrir en los comicios del 22 de octubre, el l\u00edder de la UOM dijo que \u201clos compa\u00f1eros peronistas tienen libertad de acci\u00f3n para elegir a qui\u00e9n m\u00e1s le guste, en el caso nuestro qui\u00e9n nos represent\u00f3 fue Florencio Randazzo. Ahora si los compa\u00f1eros ven que el voto \u00fatil est\u00e1 en otro lado, lo pueden hacer\u201d.<\/p>\n<p>All\u00ed no terminaron las declaraciones de Cal\u00f3, quien de inmediato renov\u00f3 p\u00fablicamente el cari\u00f1o que siente por Randazzo (\u201clo quiero mucho al flaco) para luego afirmar que \u201cquiero que Taiana sea senador, porque no ser\u00eda un senador m\u00e1s&#8230;Yo quiero que sea Taiana\u201d, indic\u00f3. Tal vez pensando que su frase pod\u00eda dejar lugar a alguna duda remarc\u00f3: \u201cNo es lo mismo para m\u00ed que Taiana sea Senador que haya otro senador que no sea del Partido Justicialista\u201d.<\/p>\n<p>Cuando la CGT se dividi\u00f3 en oficialista (kirchnerista) y la opositora que conduc\u00eda Hugo Moyano, Cal\u00f3 fue el secretario general de la primera. Sin embargo, finalizado el mandato de CFK el metal\u00fargico tom\u00f3 distancia e incluso en abril pasado, cuando la candidatura de la ex mandataria era una posibilidad, lleg\u00f3 a decir que iba a votar a un candidato var\u00f3n. Luego aclar\u00f3 que us\u00f3 esa f\u00f3rmula para no nombrar a Cristina. Ya con las primarias el dirigente opt\u00f3 por Randazzo ya que era el candidato que se hab\u00eda quedado con el sello del PJ. Sin duda que el devenir pol\u00edtico electoral, y el pragmatismo, lo hizo cambiar de opini\u00f3n aunque mantiene su decisi\u00f3n de no nombrar a CFK ya que insisti\u00f3 en repetir que prefiere que Taiana sea senador electo pero para ello antes la f\u00f3rmula de UC debe triunfar.<\/p>\n<p>Algo similar ocurri\u00f3 con Daer quien luego integrarse al Frente Renovador de Sergio Massa y ocupar una banca de diputado, a fines del a\u00f1o pasado comenz\u00f3 un proceso de distanciamiento que se tradujo en la conformaci\u00f3n de un bloque unipersonal. Luego se acerc\u00f3 a Randazzo pero semanas antes de las PASO sus colaboradores reconoc\u00edan que en agosto votar\u00eda al l\u00edder de Cumplir \u00a0pero que en octubre lo har\u00eda por Unidad Ciudadana. Ahora el titular del gremio de la Sanidad dijo este domingo que \u201cen octubre voy a hinchar por el peronismo y por el que le haga m\u00e1s fuerza al Gobierno\u201d. Una forma el\u00edptica de confirmar lo que dec\u00edan sus asesores.<\/p>\n<h6>Fuente: P\u00e1gina 12<\/h6>\n","protected":false},"excerpt":{"rendered":"<p>Ambos sindicalistas, que pesan fuerte dentro de la CGT, hab\u00edan apoyado a Randazzo en las primarias. Ahora expresaron su decisi\u00f3n de respaldar a la ex presidenta porque es quien tiene posibilidades de derrotar al macrismo.<\/p>\n","protected":false},"author":2,"featured_media":67581,"comment_status":"closed","ping_status":"closed","sticky":false,"template":"","format":"standard","meta":{"footnotes":""},"categories":[8],"tags":[21],"class_list":["post-67580","post","type-post","status-publish","format-standard","has-post-thumbnail","hentry","category-informe-nacional","tag-argentina"],"_links":{"self":[{"href":"http:\/\/argentinamunicipal.com.ar\/argentina\/wp-json\/wp\/v2\/posts\/67580","targetHints":{"allow":["GET"]}}],"collection":[{"href":"http:\/\/argentinamunicipal.com.ar\/argentina\/wp-json\/wp\/v2\/posts"}],"about":[{"href":"http:\/\/argentinamunicipal.com.ar\/argentina\/wp-json\/wp\/v2\/types\/post"}],"author":[{"embeddable":true,"href":"http:\/\/argentinamunicipal.com.ar\/argentina\/wp-json\/wp\/v2\/users\/2"}],"replies":[{"embeddable":true,"href":"http:\/\/argentinamunicipal.com.ar\/argentina\/wp-json\/wp\/v2\/comments?post=67580"}],"version-history":[{"count":0,"href":"http:\/\/argentinamunicipal.com.ar\/argentina\/wp-json\/wp\/v2\/posts\/67580\/revisions"}],"wp:featuredmedia":[{"embeddable":true,"href":"http:\/\/argentinamunicipal.com.ar\/argentina\/wp-json\/wp\/v2\/media\/67581"}],"wp:attachment":[{"href":"http:\/\/argentinamunicipal.com.ar\/argentina\/wp-json\/wp\/v2\/media?parent=67580"}],"wp:term":[{"taxonomy":"category","embeddable":true,"href":"http:\/\/argentinamunicipal.com.ar\/argentina\/wp-json\/wp\/v2\/categories?post=67580"},{"taxonomy":"post_tag","embeddable":true,"href":"http:\/\/argentinamunicipal.com.ar\/argentina\/wp-json\/wp\/v2\/tags?post=67580"}],"curies":[{"name":"wp","href":"https:\/\/api.w.org\/{rel}","templated":true}]}}