{"id":67586,"date":"2017-09-13T07:31:00","date_gmt":"2017-09-13T10:31:00","guid":{"rendered":"http:\/\/argentinamunicipal.com.ar\/argentina\/?p=67586"},"modified":"2017-09-13T07:31:00","modified_gmt":"2017-09-13T10:31:00","slug":"la-meta-inflacion-tambien-te-la-debo","status":"publish","type":"post","link":"http:\/\/argentinamunicipal.com.ar\/argentina\/la-meta-inflacion-tambien-te-la-debo\/","title":{"rendered":"La meta de inflaci\u00f3n tambi\u00e9n te la debo"},"content":{"rendered":"<p>El techo del 17 por ciento ya se alcanz\u00f3 para el \u00e1rea metropolitana, seg\u00fan los datos del Indec. En agosto el alza nacional fue de 1,4.<\/p>\n<p>Al finalizar agosto la inflaci\u00f3n acumul\u00f3 un incremento del 15,4 por ciento desde comienzos de a\u00f1o. Con los aumentos de tarifas previstos para despu\u00e9s de las elecciones legislativas, los datos del IPC preanuncian el incumplimiento de la meta inflacionaria entre 12 y 17 por ciento en 2017 prevista por el Banco Central. Los datos publicados ayer por el Indec corresponden al nuevo \u00edndice de alcance nacional que el organismo estad\u00edstico comenz\u00f3 a difundir dos meses atr\u00e1s. Las cifras referidas al \u00e1rea metropolitana de Buenos Aires son las \u00fanicas que permiten realizar una comparaci\u00f3n interanual. Ese indicador subi\u00f3 1,5 por ciento en el mes y anota una escalada del 15,6 por ciento desde diciembre. Contra agosto del a\u00f1o pasado, ese registro llega al 23,1 por ciento. Las autoridades estad\u00edsticas porte\u00f1as tambi\u00e9n dieron a conocer las mediciones para agosto. En el mes el aumento fue del 1,6 por ciento mientras que el acumulado entre enero y agosto llega a 16,9, en tanto que la suba interanual avanza hasta el 25,9 por ciento, 2,8 puntos por encima del registro del Indec (ver aparte).<\/p>\n<p>La variaci\u00f3n mensual del IPC Nacional fue de 1,4 por ciento. Si bien el alza de mayor magnitud fue para el rubro Salud, con una suba del 2,5 por ciento, la m\u00e1s significativa para el indicador global fue la del rubro Alimentos y Bebidas, que aument\u00f3 2,1 por ciento. El listado de productos para los que el Indec ofrece las variaciones mensuales tuvo en las verduras los aumentos m\u00e1s importantes. Los ingredientes de la ensalada mixta concentraron aumentos relevantes: el tomate redondo subi\u00f3 en el mes 44,4 por ciento y la lechuga, 17,6 por ciento. El incremento en la cebolla fue menos pronunciado, del 2,8 por ciento en agosto. Aunque su peso sobre el IPC es menor, Educaci\u00f3n fue el tercer rubro en relevancia, con aumentos por encima del promedio, del 2,0 por ciento.<\/p>\n<p>Con una variaci\u00f3n mensual del 1,7 por ciento, el indicador patag\u00f3nico anot\u00f3 el aumento mensual m\u00e1s pronunciado. La otra regi\u00f3n que super\u00f3 el promedio nacional fue el \u00e1rea metropolitana, con el 1,5 por ciento. En el resto de las regiones incluidas en el informe, el incremento mensual fue inferior al promedio nacional: en el Noreste subi\u00f3 1,2 por ciento, en Noroeste y la regi\u00f3n Pampeana fue 1,3 por ciento, y en \u00a0Cuyo, 1,4 \u00a0por ciento. Cuando se analizan los datos acumulados desde diciembre de 2016 las variaciones van del 15,7 por ciento en el NOA al 14,7 en NEA.<\/p>\n<p>Aunque ayer el ministro de Transporte, Guillermo Dietrich, asegur\u00f3 que este a\u00f1o no habr\u00e1 aumentos de tarifas en los colectivos, el alza registrada en agosto y los aumentos en las facturas de electricidad vuelven improbable que la variaci\u00f3n de precios en 2017 sea inferior a la meta de inflaci\u00f3n. El fracaso del BCRA para cumplir con los objetivos de precios autoimpuestos no golpea a la estrategia oficial sino que allana el terreno para que la entidad presidida por Federico Sturzenegger profundice su pol\u00edtica monetaria contractiva con la intenci\u00f3n de acercarse al guarismo pretendido. La estrategia de control de precios que plantea el banquero central requiere de un mayor grado de apertura comercial y apreciaci\u00f3n cambiaria con costos sobre el empleo, los salarios y la industria.<\/p>\n<p>Los \u00fanicos datos del Indec que permiten una comparaci\u00f3n interanual pertenecen al \u00e1rea metropolitana. El incremento autorizado para las cuotas de las empresas de medicina prepaga y la sostenida escalada en los medicamentos marcaron una alza del 26,7 por ciento en agosto en el rubro Salud. Las subas informadas por el Indec no dan cuenta de los aumentos encubiertos que experimentan desde el a\u00f1o pasado los jubilados afectados por la decisi\u00f3n del PAMI de restringir el alcance de la cobertura del 100 por ciento en medicamentos, el retaceo de los insumos para los afiliados diab\u00e9ticos y el recorte en el programa Remediar. Los aumentos en Vivienda, el sector donde impactan de lleno las subas en tarifas y combustibles, acumula un alza del 37,3 por ciento interanual. A esa cifra sumar\u00e1n despu\u00e9s de las elecciones las subas previstas en el costo de la electricidad y el gas. Por su parte, los alimentos mostraron una variaci\u00f3n porcentual del 23,1 por ciento frente al mismo mes del a\u00f1o anterior.<\/p>\n<h6>Fuente: P\u00e1gina 12<\/h6>\n","protected":false},"excerpt":{"rendered":"<p>El techo del 17 por ciento ya se alcanz\u00f3 para el \u00e1rea metropolitana, seg\u00fan los datos del Indec. En agosto el alza nacional fue de 1,4.<\/p>\n","protected":false},"author":2,"featured_media":67587,"comment_status":"closed","ping_status":"closed","sticky":false,"template":"","format":"standard","meta":{"footnotes":""},"categories":[8],"tags":[21],"class_list":["post-67586","post","type-post","status-publish","format-standard","has-post-thumbnail","hentry","category-informe-nacional","tag-argentina"],"_links":{"self":[{"href":"http:\/\/argentinamunicipal.com.ar\/argentina\/wp-json\/wp\/v2\/posts\/67586","targetHints":{"allow":["GET"]}}],"collection":[{"href":"http:\/\/argentinamunicipal.com.ar\/argentina\/wp-json\/wp\/v2\/posts"}],"about":[{"href":"http:\/\/argentinamunicipal.com.ar\/argentina\/wp-json\/wp\/v2\/types\/post"}],"author":[{"embeddable":true,"href":"http:\/\/argentinamunicipal.com.ar\/argentina\/wp-json\/wp\/v2\/users\/2"}],"replies":[{"embeddable":true,"href":"http:\/\/argentinamunicipal.com.ar\/argentina\/wp-json\/wp\/v2\/comments?post=67586"}],"version-history":[{"count":0,"href":"http:\/\/argentinamunicipal.com.ar\/argentina\/wp-json\/wp\/v2\/posts\/67586\/revisions"}],"wp:featuredmedia":[{"embeddable":true,"href":"http:\/\/argentinamunicipal.com.ar\/argentina\/wp-json\/wp\/v2\/media\/67587"}],"wp:attachment":[{"href":"http:\/\/argentinamunicipal.com.ar\/argentina\/wp-json\/wp\/v2\/media?parent=67586"}],"wp:term":[{"taxonomy":"category","embeddable":true,"href":"http:\/\/argentinamunicipal.com.ar\/argentina\/wp-json\/wp\/v2\/categories?post=67586"},{"taxonomy":"post_tag","embeddable":true,"href":"http:\/\/argentinamunicipal.com.ar\/argentina\/wp-json\/wp\/v2\/tags?post=67586"}],"curies":[{"name":"wp","href":"https:\/\/api.w.org\/{rel}","templated":true}]}}