{"id":67636,"date":"2017-09-18T07:23:12","date_gmt":"2017-09-18T10:23:12","guid":{"rendered":"http:\/\/argentinamunicipal.com.ar\/argentina\/?p=67636"},"modified":"2017-09-18T07:23:12","modified_gmt":"2017-09-18T10:23:12","slug":"gobierno-nacional-admite-la-inflacion-terminara-245-se-habilitara-la-clausula-gatillo","status":"publish","type":"post","link":"http:\/\/argentinamunicipal.com.ar\/argentina\/gobierno-nacional-admite-la-inflacion-terminara-245-se-habilitara-la-clausula-gatillo\/","title":{"rendered":"El gobierno nacional admite que la inflaci\u00f3n terminar\u00e1 en 24,5%: \u00bfSe habilitar\u00e1 la cl\u00e1usula gatillo?"},"content":{"rendered":"<p>El Poder Ejecutivo reconoci\u00f3 que el nivel de la suba de precios superar\u00e1 lo que hab\u00edan previsto para el 2017. De este modo, seg\u00fan los acuerdos paritarios firmados con los gremios, se dar\u00eda pie a un nuevo incremento salarial.<\/p>\n<p>El proyecto de Presupuesto 2018 que envi\u00f3 el Gobierno al Congreso anticipa que la inflaci\u00f3n para el a\u00f1o pr\u00f3ximo ser\u00e1 de 15,7%. Sin embargo, el dato novedoso es que admiten desde Casa Rosada es que en 2017 el costo de vida terminar\u00e1 en 24,5%, cifra se aleja de 21% previsto en el Presupuesto de este a\u00f1o.<\/p>\n<p>Del resumen que distribuy\u00f3 el Ministerio de Hacienda y al que accedi\u00f3 \u00e1mbito.com se anuncia que \u00abla variaci\u00f3n interanual promedio estimada para el 2017 se consigna 24,5% y para el 2018 15,7%\u00bb.<\/p>\n<p>La cifra estimada por el Gobierno est\u00e1 casi 10 puntos por encima de las proyecciones del Banco Central. Por lo pronto, desde la calle Reconquista insisten que para este a\u00f1o el costo de vida estar\u00e1 entre 12% y 17%. Lo cierto es que, seg\u00fan el INDEC, la inflaci\u00f3n acumulada desde enero marca 15,4%.<\/p>\n<p>Ante este panorama, las clausulas gatillo de las paritarias que cerraron en torno al 21% se activar\u00edan. Vale recordar que numerosos gremios pactaron que, ante un aumento del costo de vida, el salario volver\u00eda a subir para equiparar la inflaci\u00f3n. Docentes bonaerenses, petroleros, estatales, sanidad, comercio, construcci\u00f3n, entre otros, fueron algunos de los sindicatos que pactaron sus acuerdos salariales en base a esta modalidad.<\/p>\n<h6>Fuente: InfoCielo<\/h6>\n","protected":false},"excerpt":{"rendered":"<p>El Poder Ejecutivo reconoci\u00f3 que el nivel de la suba de precios superar\u00e1 lo que hab\u00edan previsto para el 2017. De este modo, seg\u00fan los acuerdos paritarios firmados con los gremios, se dar\u00eda pie a un nuevo incremento salarial.<\/p>\n","protected":false},"author":2,"featured_media":67637,"comment_status":"closed","ping_status":"closed","sticky":false,"template":"","format":"standard","meta":{"footnotes":""},"categories":[8],"tags":[21],"class_list":["post-67636","post","type-post","status-publish","format-standard","has-post-thumbnail","hentry","category-informe-nacional","tag-argentina"],"_links":{"self":[{"href":"http:\/\/argentinamunicipal.com.ar\/argentina\/wp-json\/wp\/v2\/posts\/67636","targetHints":{"allow":["GET"]}}],"collection":[{"href":"http:\/\/argentinamunicipal.com.ar\/argentina\/wp-json\/wp\/v2\/posts"}],"about":[{"href":"http:\/\/argentinamunicipal.com.ar\/argentina\/wp-json\/wp\/v2\/types\/post"}],"author":[{"embeddable":true,"href":"http:\/\/argentinamunicipal.com.ar\/argentina\/wp-json\/wp\/v2\/users\/2"}],"replies":[{"embeddable":true,"href":"http:\/\/argentinamunicipal.com.ar\/argentina\/wp-json\/wp\/v2\/comments?post=67636"}],"version-history":[{"count":0,"href":"http:\/\/argentinamunicipal.com.ar\/argentina\/wp-json\/wp\/v2\/posts\/67636\/revisions"}],"wp:featuredmedia":[{"embeddable":true,"href":"http:\/\/argentinamunicipal.com.ar\/argentina\/wp-json\/wp\/v2\/media\/67637"}],"wp:attachment":[{"href":"http:\/\/argentinamunicipal.com.ar\/argentina\/wp-json\/wp\/v2\/media?parent=67636"}],"wp:term":[{"taxonomy":"category","embeddable":true,"href":"http:\/\/argentinamunicipal.com.ar\/argentina\/wp-json\/wp\/v2\/categories?post=67636"},{"taxonomy":"post_tag","embeddable":true,"href":"http:\/\/argentinamunicipal.com.ar\/argentina\/wp-json\/wp\/v2\/tags?post=67636"}],"curies":[{"name":"wp","href":"https:\/\/api.w.org\/{rel}","templated":true}]}}