{"id":67639,"date":"2017-09-18T07:26:32","date_gmt":"2017-09-18T10:26:32","guid":{"rendered":"http:\/\/argentinamunicipal.com.ar\/argentina\/?p=67639"},"modified":"2017-09-18T07:26:32","modified_gmt":"2017-09-18T10:26:32","slug":"duras-criticas-stanley-festejar-trabajo-informal-timbreo-cambiemos","status":"publish","type":"post","link":"http:\/\/argentinamunicipal.com.ar\/argentina\/duras-criticas-stanley-festejar-trabajo-informal-timbreo-cambiemos\/","title":{"rendered":"Duras cr\u00edticas a Stanley por festejar el trabajo informal en un timbreo de Cambiemos"},"content":{"rendered":"<p>La ministra de Desarrollo Social de la Naci\u00f3n, Carolina Stanley, pas\u00f3 un mal momento luego de que en su cuenta de Twitter publicara una foto de un vecino que se \u201cgana changas\u201d a trav\u00e9s de una parrilla \u201cen la puerta de su casa\u201d. M\u00e1s all\u00e1 de la indudable realidad, muchos salieron a criticarla por festejar la econom\u00eda informal. Despu\u00e9s borr\u00f3 su tweet.<\/p>\n<p>La ministra de Desarrollo Social de la Naci\u00f3n, Carolina Stanley, celebr\u00f3 desde su twitter las alternativas de trabajo que algunos vecinos desarrollan debido a la falta de un empleo formal. \u201cJuan arm\u00f3 esta parrilla en su casa para los obreros de la zona. As\u00ed ellos almuerzan y \u00e9l se gana una changa\u201d, escribi\u00f3 en la red social.<\/p>\n<p>Sin embargo, una cataratas de cr\u00edticas la se\u00f1alaron como una ministra que festeja los trabajos precarios, adem\u00e1s de contradecir la postura que ha tenido el gobierno de Cambiemos con todo lo que sea venta ambulante, como los \u201cmanteros\u201d. La pol\u00e9mica la llev\u00f3 a borrar su publicaci\u00f3n.<\/p>\n<p>Horas m\u00e1s tarde, Stanley aclar\u00f3 en su cuenta: \u201cTuiteamos la historia de Juan porque la econom\u00eda informal es una realidad de nuestro pa\u00eds que trabajamos desde el ministerio\u201d.<\/p>\n<p>El inc\u00f3modo momento se vivi\u00f3 luego\u00a0de un nuevo timbreo, en el que gran parte de los funcionarios que integran el gobierno volvieron a participar en diferentes localidades de la provincia.<\/p>\n<p>A pesar de eso, la econom\u00eda informal o \u201cpopular\u201d como algunos sectores la denominan, es una parte fundamental del entramado productivo del pa\u00eds y lejos est\u00e1 de ser algo alejado a la realidad, m\u00e1s all\u00e1 de la utilizaci\u00f3n que se le d\u00e9 en el medio de una campa\u00f1a electoral. La complejidad pasas sin dudas, a que sea la propia ministra de Desarrollo Social la que \u00abfesteje\u00bb la econom\u00eda informal.<\/p>\n<p>Stanley quiso mostrarse cercana a las personas que viven de \u201cchangas\u201d o de la econom\u00eda informal, pero varios candidatos y personalidades de la pol\u00edtica salieron al cruce para criticarla: \u201cLa Ministra de Desarrollo Social de la Naci\u00f3n celebra las changas. Eso es el gobierno de los ricos\u201d, escribi\u00f3 Hugo Yasky.<\/p>\n<p>\u201cCreemos y acompa\u00f1amos las ganas y la fuerza de todos los que quieren salir adelante. Juan es uno de ellos y a nosotros nos llena de orgullo\u201d, respondi\u00f3 la ministra con palabras similares a las que utiliza Mauricio Macri o Mar\u00eda Eugenia Vidal.<\/p>\n<p>La contradicci\u00f3n sin dudas reside entre las palabras y los hechos que encabeza Cambiemos, una fuerza pol\u00edtica que desde que tom\u00f3 el poder se obsesion\u00f3 por controlar las calles para todo lo relacionado a la venta ambulante o informal.<\/p>\n<p>Un claro ejemplo es el de los manteros, quienes incluso llegaron a ser desalojados violentamente en el barrio porte\u00f1o de Once y Flores y en varios casos confiscados de sus mercanc\u00edas, la \u00fanica herramienta que tienen para ganarse el pan.<\/p>\n<p>Adem\u00e1s, los precedentes del gobierno hicieron que las palabras de la ministra se vuelvan a\u00fan m\u00e1s delicadas: hace poco el presidente de la Naci\u00f3n, Mauricio Macri, inaugur\u00f3 un comedor popular en Santiago del Estero, y ayer el gobierno decidi\u00f3 apelar a la Justicia luego de que esta fallara para que el gobierno restituya las pensiones que se le quitaron a personas discapacitadas.<\/p>\n<p>Todo ese combo estall\u00f3 en las redes, y eso hizo que la ministra terminara por eliminar su publicaci\u00f3n.<\/p>\n<h6>Fuetne: Infocielo<\/h6>\n","protected":false},"excerpt":{"rendered":"<p>La ministra de Desarrollo Social de la Naci\u00f3n, Carolina Stanley, pas\u00f3 un mal momento luego de que en su cuenta de Twitter publicara una foto de un vecino que se \u201cgana changas\u201d a trav\u00e9s de una parrilla \u201cen la puerta de su casa\u201d.<\/p>\n","protected":false},"author":2,"featured_media":67640,"comment_status":"closed","ping_status":"closed","sticky":false,"template":"","format":"standard","meta":{"footnotes":""},"categories":[8],"tags":[21],"class_list":["post-67639","post","type-post","status-publish","format-standard","has-post-thumbnail","hentry","category-informe-nacional","tag-argentina"],"_links":{"self":[{"href":"http:\/\/argentinamunicipal.com.ar\/argentina\/wp-json\/wp\/v2\/posts\/67639","targetHints":{"allow":["GET"]}}],"collection":[{"href":"http:\/\/argentinamunicipal.com.ar\/argentina\/wp-json\/wp\/v2\/posts"}],"about":[{"href":"http:\/\/argentinamunicipal.com.ar\/argentina\/wp-json\/wp\/v2\/types\/post"}],"author":[{"embeddable":true,"href":"http:\/\/argentinamunicipal.com.ar\/argentina\/wp-json\/wp\/v2\/users\/2"}],"replies":[{"embeddable":true,"href":"http:\/\/argentinamunicipal.com.ar\/argentina\/wp-json\/wp\/v2\/comments?post=67639"}],"version-history":[{"count":0,"href":"http:\/\/argentinamunicipal.com.ar\/argentina\/wp-json\/wp\/v2\/posts\/67639\/revisions"}],"wp:featuredmedia":[{"embeddable":true,"href":"http:\/\/argentinamunicipal.com.ar\/argentina\/wp-json\/wp\/v2\/media\/67640"}],"wp:attachment":[{"href":"http:\/\/argentinamunicipal.com.ar\/argentina\/wp-json\/wp\/v2\/media?parent=67639"}],"wp:term":[{"taxonomy":"category","embeddable":true,"href":"http:\/\/argentinamunicipal.com.ar\/argentina\/wp-json\/wp\/v2\/categories?post=67639"},{"taxonomy":"post_tag","embeddable":true,"href":"http:\/\/argentinamunicipal.com.ar\/argentina\/wp-json\/wp\/v2\/tags?post=67639"}],"curies":[{"name":"wp","href":"https:\/\/api.w.org\/{rel}","templated":true}]}}