{"id":67661,"date":"2017-09-18T07:57:17","date_gmt":"2017-09-18T10:57:17","guid":{"rendered":"http:\/\/argentinamunicipal.com.ar\/argentina\/?p=67661"},"modified":"2017-09-18T07:57:17","modified_gmt":"2017-09-18T10:57:17","slug":"santa-fe-profundiza-programa-ciudades-intermedias","status":"publish","type":"post","link":"http:\/\/argentinamunicipal.com.ar\/argentina\/santa-fe-profundiza-programa-ciudades-intermedias\/","title":{"rendered":"Santa Fe profundiza el programa \u00abCiudades intermedias\u00bb"},"content":{"rendered":"<p>El intendente Jos\u00e9 Corral encabezar\u00e1 este lunes la apertura del taller \u00abInformaci\u00f3n geoespacial integrada\u00bb.<\/p>\n<p>A partir del trabajo realizado en materia de reducci\u00f3n del riesgo h\u00eddrico, meses atr\u00e1s Santa Fe fue seleccionada para formar parte de Ciudades Intermedias -en ingl\u00e9s, Secondary Cities-. Incluido en la Estrategia de Resiliencia de la Ciudad, se trata de un valioso programa impulsado por el Departamento de Estado de los Estados Unidos que apunta a desarrollar mapeos, georeferenciaciones y cartograf\u00edas con tecnolog\u00eda de avanzada con la intenci\u00f3n de potenciar la labor realizada y posicionar a la capital provincial en mejores condiciones de cara a reducir sus vulnerabilidades en materia de riesgo h\u00eddrico y la salud.<\/p>\n<p>En este marco, la Ciudad ser\u00e1 sede para el desarrollo del taller \u00abInformaci\u00f3n geoespacial integrada\u00bb, que contar\u00e1 con la participaci\u00f3n destacados especialistas de organismos p\u00fablicos y consultoras de jerarqu\u00eda internacional, como Ecocity Builders y Atlas \u2013 CEPDE PANAL. Adem\u00e1s, ser\u00e1n parte de las jornadas funcionarios municipales, investigadores de la Universidad Nacional del Litoral (UNL), del Instituto de Epidemiolog\u00eda Emilio Coni, de hospitales de la ciudad y representantes de organizaciones barriales.<\/p>\n<p>La apertura oficial del taller ser\u00e1 encabezada por el intendente Jos\u00e9 Corral y se desarrollar\u00e1 este lunes, a las 10, en la Estaci\u00f3n Belgrano. La actividad continuar\u00e1 hasta el mi\u00e9rcoles en el Centro de Convenciones ubicado en Boulevard G\u00e1lvez 1150, en la Facultad de Humanidades y Ciencias de la Universidad Nacional del Litoral y en la zona de Vieja Tablada, donde se realizar\u00e1n trabajos de campo.<\/p>\n<h6>\nFuente:\u00a0Sin Mordaza<\/h6>\n","protected":false},"excerpt":{"rendered":"<p>El intendente Jos\u00e9 Corral encabezar\u00e1 este lunes la apertura del taller \u00abInformaci\u00f3n geoespacial integrada\u00bb.<\/p>\n","protected":false},"author":2,"featured_media":67662,"comment_status":"closed","ping_status":"closed","sticky":false,"template":"","format":"standard","meta":{"footnotes":""},"categories":[2],"tags":[10],"class_list":["post-67661","post","type-post","status-publish","format-standard","has-post-thumbnail","hentry","category-informe-municipal","tag-santa-fe"],"_links":{"self":[{"href":"http:\/\/argentinamunicipal.com.ar\/argentina\/wp-json\/wp\/v2\/posts\/67661","targetHints":{"allow":["GET"]}}],"collection":[{"href":"http:\/\/argentinamunicipal.com.ar\/argentina\/wp-json\/wp\/v2\/posts"}],"about":[{"href":"http:\/\/argentinamunicipal.com.ar\/argentina\/wp-json\/wp\/v2\/types\/post"}],"author":[{"embeddable":true,"href":"http:\/\/argentinamunicipal.com.ar\/argentina\/wp-json\/wp\/v2\/users\/2"}],"replies":[{"embeddable":true,"href":"http:\/\/argentinamunicipal.com.ar\/argentina\/wp-json\/wp\/v2\/comments?post=67661"}],"version-history":[{"count":0,"href":"http:\/\/argentinamunicipal.com.ar\/argentina\/wp-json\/wp\/v2\/posts\/67661\/revisions"}],"wp:featuredmedia":[{"embeddable":true,"href":"http:\/\/argentinamunicipal.com.ar\/argentina\/wp-json\/wp\/v2\/media\/67662"}],"wp:attachment":[{"href":"http:\/\/argentinamunicipal.com.ar\/argentina\/wp-json\/wp\/v2\/media?parent=67661"}],"wp:term":[{"taxonomy":"category","embeddable":true,"href":"http:\/\/argentinamunicipal.com.ar\/argentina\/wp-json\/wp\/v2\/categories?post=67661"},{"taxonomy":"post_tag","embeddable":true,"href":"http:\/\/argentinamunicipal.com.ar\/argentina\/wp-json\/wp\/v2\/tags?post=67661"}],"curies":[{"name":"wp","href":"https:\/\/api.w.org\/{rel}","templated":true}]}}