{"id":67667,"date":"2017-09-18T08:04:31","date_gmt":"2017-09-18T11:04:31","guid":{"rendered":"http:\/\/argentinamunicipal.com.ar\/argentina\/?p=67667"},"modified":"2017-09-18T08:04:31","modified_gmt":"2017-09-18T11:04:31","slug":"gobierno-oposicion-gremios-se-cruzan-la-reforma-laboral","status":"publish","type":"post","link":"http:\/\/argentinamunicipal.com.ar\/argentina\/gobierno-oposicion-gremios-se-cruzan-la-reforma-laboral\/","title":{"rendered":"Gobierno, oposici\u00f3n y gremios se cruzan por la reforma laboral"},"content":{"rendered":"<p>Mientras Triaca niega un proyecto en ese sentido, el kirchnerismo y la CGT advierten sobre las supuestas intenciones de la Casa Rosada<\/p>\n<p>El ministro de Trabajo nacional, Jorge Triaca, volvi\u00f3 a negar ayer que el gobierno tenga previsto impulsar un proyecto de reforma laboral, aunque en el kirchnerismo advirtieron que \u00abvan a buscar la flexibilizaci\u00f3n por v\u00edas secundarias\u00bb.<\/p>\n<p>\u00abNo tenemos un proyecto de reforma laboral\u00bb, dijo Triaca, para luego aclarar que \u00abcualquier cambio que se realice ser\u00e1 con el consenso del sector trabajador y del empresario\u00bb.<\/p>\n<p>En tanto, el jefe de la bancada del FpV-PJ en Diputados, H\u00e9ctor Recalde, afirm\u00f3 que \u00abhabr\u00e1 una reforma laboral\u00bb, pero a\u00f1adi\u00f3 que no se aplicar\u00e1 \u00abmediante una ley sino por v\u00edas secundarias\u00bb, como la modificaci\u00f3n de los convenios colectivos y las pasant\u00edas.<\/p>\n<p>El diputado dijo estar \u00abconvencido\u00bb de que \u00abvan a buscar la flexibilizaci\u00f3n laboral por v\u00edas secundarias, no frontales\u00bb, como podr\u00eda ser la presentaci\u00f3n de un proyecto de ley en el Congreso.<\/p>\n<p>\u00abNo lo van a hacer mediante una ley\u00bb, aclar\u00f3 Recalde, quien consider\u00f3 que, \u00abcualquiera sea la conformaci\u00f3n del parlamento\u00bb despu\u00e9s de las elecciones legislativas, una propuesta de Cambiemos no tendr\u00eda siquiera dictamen en comisi\u00f3n.<\/p>\n<p>El abogado laboralista precis\u00f3 que el gobierno \u00abva a trabajar por sectores ya buscar que, a trav\u00e9s de los convenios colectivos, se d\u00e9 la flexibilizaci\u00f3n laboral\u00bb, al igual que con \u00ablas pasant\u00edas\u00bb.<\/p>\n<p>Por su parte, Triaca enfatiz\u00f3: \u00abCuando veo que muchos se gu\u00edan por convenios escritos en la d\u00e9cada del 70 y que no adecuan sus convenios o formas de producci\u00f3n a la realidad tecnol\u00f3gica, del conocimiento y de los procesos productivos que tiene la Argentina hoy, sin duda que todav\u00eda sintonizan en blanco y negro\u00bb.<\/p>\n<p>\u00abS\u00ed existen temas que debemos abordar y que venimos dialogando con los dirigentes de la CGT como el blanqueo laboral y la formaci\u00f3n profesional\u00bb, reconoci\u00f3 el funcionario.<\/p>\n<p>En cuanto al nivel del empleo, destac\u00f3: \u00abHemos recuperado la dotaci\u00f3n que hab\u00eda ca\u00eddo durante el a\u00f1o pasado, sobre todo en sectores clave como la construcci\u00f3n, servicios y comercio, aunque a industria textil y del calzado que todav\u00eda tienen dificultades\u00bb.<\/p>\n<p><strong>Rechazo<\/strong><\/p>\n<p>Paralelamente, el triunviro de la CGT Carlos Acu\u00f1a le exigi\u00f3 al gobierno que \u00absea claro\u00bb respecto de una supuesta reforma laboral y le reclam\u00f3 \u00abrespuestas concretas\u00bb a los trabajadores.<\/p>\n<p>\u00abLa quieren toda para ellos, m\u00e1s plata para ellos, menos inversi\u00f3n, m\u00e1s esclavitud para los trabajadores. \u00bfQu\u00e9 significa una reforma laboral? Que sean claros\u00bb, declar\u00f3.<\/p>\n<p>Otro de los secretarios generales de la CGT, H\u00e9ctor Daer, aludi\u00f3 a la posibilidad de poner en marcha una reforma laboral: \u00abNo se me ocurre que el gobierno intente una locura en ese sentido porque sabe que toca a todos\u00bb.<\/p>\n<p>Tambi\u00e9n subray\u00f3 que la CGT pretende \u00abponer l\u00edmites a todo lo que se plantea como alternativa para resolver el tema desde una perspectiva neoliberal\u00bb.<\/p>\n<p>Por eso, Daer sostuvo que, para la central obrera, se deben \u00absostener los cuatro pilares\u00bb, al apuntar a \u00ablos convenios colectivos de trabajo, la ley de contrato laboral, la seguridad social y el modelo sindical\u00bb.<\/p>\n<h6>Fuente: La Capital Rosario<\/h6>\n","protected":false},"excerpt":{"rendered":"<p>Mientras Triaca niega un proyecto en ese sentido, el kirchnerismo y la CGT advierten sobre las supuestas intenciones de la Casa Rosada<\/p>\n","protected":false},"author":2,"featured_media":67668,"comment_status":"closed","ping_status":"closed","sticky":false,"template":"","format":"standard","meta":{"footnotes":""},"categories":[8],"tags":[21],"class_list":["post-67667","post","type-post","status-publish","format-standard","has-post-thumbnail","hentry","category-informe-nacional","tag-argentina"],"_links":{"self":[{"href":"http:\/\/argentinamunicipal.com.ar\/argentina\/wp-json\/wp\/v2\/posts\/67667","targetHints":{"allow":["GET"]}}],"collection":[{"href":"http:\/\/argentinamunicipal.com.ar\/argentina\/wp-json\/wp\/v2\/posts"}],"about":[{"href":"http:\/\/argentinamunicipal.com.ar\/argentina\/wp-json\/wp\/v2\/types\/post"}],"author":[{"embeddable":true,"href":"http:\/\/argentinamunicipal.com.ar\/argentina\/wp-json\/wp\/v2\/users\/2"}],"replies":[{"embeddable":true,"href":"http:\/\/argentinamunicipal.com.ar\/argentina\/wp-json\/wp\/v2\/comments?post=67667"}],"version-history":[{"count":0,"href":"http:\/\/argentinamunicipal.com.ar\/argentina\/wp-json\/wp\/v2\/posts\/67667\/revisions"}],"wp:featuredmedia":[{"embeddable":true,"href":"http:\/\/argentinamunicipal.com.ar\/argentina\/wp-json\/wp\/v2\/media\/67668"}],"wp:attachment":[{"href":"http:\/\/argentinamunicipal.com.ar\/argentina\/wp-json\/wp\/v2\/media?parent=67667"}],"wp:term":[{"taxonomy":"category","embeddable":true,"href":"http:\/\/argentinamunicipal.com.ar\/argentina\/wp-json\/wp\/v2\/categories?post=67667"},{"taxonomy":"post_tag","embeddable":true,"href":"http:\/\/argentinamunicipal.com.ar\/argentina\/wp-json\/wp\/v2\/tags?post=67667"}],"curies":[{"name":"wp","href":"https:\/\/api.w.org\/{rel}","templated":true}]}}