{"id":67711,"date":"2017-09-19T07:28:35","date_gmt":"2017-09-19T10:28:35","guid":{"rendered":"http:\/\/argentinamunicipal.com.ar\/argentina\/?p=67711"},"modified":"2017-09-19T07:28:35","modified_gmt":"2017-09-19T10:28:35","slug":"lifschitz-se-quejo-la-nacion-no-preve-pagarle-la-deuda-santa-fe","status":"publish","type":"post","link":"http:\/\/argentinamunicipal.com.ar\/argentina\/lifschitz-se-quejo-la-nacion-no-preve-pagarle-la-deuda-santa-fe\/","title":{"rendered":"Lifschitz se quej\u00f3 porque la Naci\u00f3n no prev\u00e9 pagarle la deuda a Santa Fe"},"content":{"rendered":"<p>El gobernador dijo que \u00abes muy grave\u00bb que no haya previsiones para saldar las acreencias y tampoco para obras en territorio santafesino<\/p>\n<p>El gobernador Miguel Lifschitz, cuestion\u00f3 ayer al gobierno nacional debido a que en el proyecto del presupuesto 2018 _presentado el \u00faltimo viernes_ \u00abno est\u00e1 contemplado el pago de la deuda por coparticipaci\u00f3n\u00bb a la provincia, estimada en 50.000 millones de pesos y que ya fue avalada por un fallo de la Corte Suprema de Justicia de la Naci\u00f3n en 2015.<\/p>\n<p>\u00abEs grave. Todos ten\u00edamos la expectativa de que estuviesen los recursos y nos hemos sorprendido. Nos dejan solamente el camino de volver a la Justicia para reclamar lo que ya la Corte orden\u00f3 con claridad\u00bb, dijo el mandatario por la ma\u00f1ana a Radio Dos, confirmando as\u00ed que lejos quedaron las expectativas que desde el gobierno santafesino ten\u00edan de llegar a un \u00abacuerdo a trav\u00e9s del di\u00e1logo pol\u00edtico\u00bb por este tema, tal como indic\u00f3 a La Capital el ministro de Econom\u00eda, Gonzalo Saglione, dos semanas atr\u00e1s.<\/p>\n<p>\u00abSacamos una conclusi\u00f3n despu\u00e9s de leer el proyecto de presupuesto que envi\u00f3 el gobierno nacional al Congreso, donde no est\u00e1 contemplado el pago de la deuda a los santafesinos\u00bb, se quej\u00f3 el gobernador en referencia a la deuda acumulada entre el 2006 y 2015 por la Naci\u00f3n, lapso en el cual oper\u00f3 una deducci\u00f3n del 15 por ciento de la masa de impuestos coparticipables que realizaba el Estado nacional sin el acuerdo de las provincias para financiar a la Ans\u00e9s, as\u00ed como fondos retra\u00eddos para el sostenimiento de la Afip.<\/p>\n<p><strong>Intencionalidad<\/strong><\/p>\n<p>Para Lifschitz, \u00abhay una evidente intencionalidad, m\u00e1s all\u00e1 de las palabras, m\u00e1s all\u00e1 de las promesas, m\u00e1s all\u00e1 del reconocimiento de la deuda por parte de los ministros de (Mauricio) Macri; no hay ninguna intenci\u00f3n de afrontar los compromisos\u00bb.<\/p>\n<p>Por eso, el mandatario calific\u00f3 de \u00abgrave\u00bb la situaci\u00f3n y dijo \u00abestar sorprendido porque todos est\u00e1bamos con la expectativa de que una parte de esa deuda (unos $50.000 millones en total) iba a estar comprendida en el presupuesto para empezar a saldarla\u00bb.<\/p>\n<p>\u00abTambi\u00e9n advertimos con sorpresa que en ese presupuesto tampoco hay grandes obras para Santa Fe y si aparecen con cifras insignificantes que no garantizan su ejecuci\u00f3n\u00bb.<\/p>\n<p>As\u00ed, el gobernador lanz\u00f3 una advertencia: \u00abEsta situaci\u00f3n nos deja el camino para volver a la Justicia para reclamar lo que la Corte Suprema ya se ha expedido con claridad\u00bb.<\/p>\n<p>Saglione confi\u00f3 ayer que \u00abno cay\u00f3 bien\u00bb la no inclusi\u00f3n no s\u00f3lo de las partidas, sino tampoco de \u00abninguna referencia en el articulado del presupuesto respecto de transmitir la voluntad pol\u00edtica de que esto se concrete\u00bb, dijo.<\/p>\n<p>\u00abCon lo cual, evaluaremos los pasos a seguir, pero no podr\u00edamos descartar nada\u00bb, asever\u00f3 el titular de la cartera econ\u00f3mica santafesina. \u00abEs una se\u00f1al negativa de cara a las expectativas que ten\u00edamos en cuanto a la posibilidad de que se cancelara esa deuda\u00bb, agreg\u00f3 Saglione en referencia a la confianza que hab\u00eda depositado el gobierno de Lifschitz en llegar a un acuerdo que evite el paso por la Justicia.<\/p>\n<p>De hecho, el gobierno provincial esperaba contar con los n\u00fameros del proyecto de presupuesto nacional 2018 para poder elaborar su propia estimaci\u00f3n de gastos y recursos y confiaba en que all\u00ed estar\u00edan contenidos los recursos provenientes del pago de esa deuda. Saglione record\u00f3 que Santa Fe hizo una propuesta de pago que era imposible de rechazar por lo conveniente para la Naci\u00f3n.<\/p>\n<p>En ese momento Saglione indic\u00f3 que si no estaban los fondos previstos \u00abhablaremos con los legisladores nacionales de Santa Fe y les preguntaremos si van a votar un presupuesto que no incorpore las partidas para Santa Fe\u00bb.<\/p>\n<h6>Fuente: La Capital Rosario<\/h6>\n","protected":false},"excerpt":{"rendered":"<p>El gobernador dijo que \u00abes muy grave\u00bb que no haya previsiones para saldar las acreencias y tampoco para obras en territorio santafesino<\/p>\n","protected":false},"author":2,"featured_media":67712,"comment_status":"closed","ping_status":"closed","sticky":false,"template":"","format":"standard","meta":{"footnotes":""},"categories":[65],"tags":[10],"class_list":["post-67711","post","type-post","status-publish","format-standard","has-post-thumbnail","hentry","category-provincias","tag-santa-fe"],"_links":{"self":[{"href":"http:\/\/argentinamunicipal.com.ar\/argentina\/wp-json\/wp\/v2\/posts\/67711","targetHints":{"allow":["GET"]}}],"collection":[{"href":"http:\/\/argentinamunicipal.com.ar\/argentina\/wp-json\/wp\/v2\/posts"}],"about":[{"href":"http:\/\/argentinamunicipal.com.ar\/argentina\/wp-json\/wp\/v2\/types\/post"}],"author":[{"embeddable":true,"href":"http:\/\/argentinamunicipal.com.ar\/argentina\/wp-json\/wp\/v2\/users\/2"}],"replies":[{"embeddable":true,"href":"http:\/\/argentinamunicipal.com.ar\/argentina\/wp-json\/wp\/v2\/comments?post=67711"}],"version-history":[{"count":0,"href":"http:\/\/argentinamunicipal.com.ar\/argentina\/wp-json\/wp\/v2\/posts\/67711\/revisions"}],"wp:featuredmedia":[{"embeddable":true,"href":"http:\/\/argentinamunicipal.com.ar\/argentina\/wp-json\/wp\/v2\/media\/67712"}],"wp:attachment":[{"href":"http:\/\/argentinamunicipal.com.ar\/argentina\/wp-json\/wp\/v2\/media?parent=67711"}],"wp:term":[{"taxonomy":"category","embeddable":true,"href":"http:\/\/argentinamunicipal.com.ar\/argentina\/wp-json\/wp\/v2\/categories?post=67711"},{"taxonomy":"post_tag","embeddable":true,"href":"http:\/\/argentinamunicipal.com.ar\/argentina\/wp-json\/wp\/v2\/tags?post=67711"}],"curies":[{"name":"wp","href":"https:\/\/api.w.org\/{rel}","templated":true}]}}