{"id":67795,"date":"2017-09-20T06:48:44","date_gmt":"2017-09-20T09:48:44","guid":{"rendered":"http:\/\/argentinamunicipal.com.ar\/argentina\/?p=67795"},"modified":"2017-09-20T07:50:26","modified_gmt":"2017-09-20T10:50:26","slug":"la-cgt-prepara-reunion-ampliada-triaca-del-confederal","status":"publish","type":"post","link":"http:\/\/argentinamunicipal.com.ar\/argentina\/la-cgt-prepara-reunion-ampliada-triaca-del-confederal\/","title":{"rendered":"La CGT prepara reuni\u00f3n \u00abampliada\u00bb con Triaca antes del Confederal"},"content":{"rendered":"<p>La CGT congreg\u00f3 ayer a su consejo directivo para definir el temario de la reuni\u00f3n que la central realizar\u00e1 ma\u00f1ana con el ministro de Trabajo, Jorge Triaca, en tanto concret\u00f3 los detalles organizativos del Comit\u00e9 Central Confederal que se llevar\u00e1 a cabo el 3 de octubre, en medio del reinicio del di\u00e1logo con el gobierno.<\/p>\n<p>La CGT congreg\u00f3 ayer a su consejo directivo para definir el temario de la reuni\u00f3n que la central realizar\u00e1 ma\u00f1ana con el ministro de Trabajo, Jorge Triaca, en tanto concret\u00f3 los detalles organizativos del Comit\u00e9 Central Confederal que se llevar\u00e1 a cabo el 3 de octubre, en medio del reinicio del di\u00e1logo con el gobierno.<\/p>\n<p>Tras el c\u00f3nclave encabezado por el triunvirato cegetista (que integran Juan Carlos Schmid, Carlos Acu\u00f1a y H\u00e9ctor Daer), el jefe del sindicato de Canillitas, Omar Plaini, se\u00f1al\u00f3 que Triaca mantendr\u00e1 una cita \u00abampliada\u00bb con la organizaci\u00f3n ma\u00f1ana en la sede cegetista de calle Azopardo.<\/p>\n<p>De cara al Comit\u00e9 Central Confederal, Plaini sostuvo que no puede \u00abdescartarse\u00bb ninguna medida de fuerza hasta que no se realice el c\u00f3nclave, pese al cambio de postura asumido por el sindicalismo en la relaci\u00f3n con la administraci\u00f3n de Mauricio Macri.<\/p>\n<p>\u00abTenemos una agenda de reclamos, y sobre esa agenda y el plan de lucha vamos a tomar decisiones, aunque luego del 22 de agosto se acercaron las partes en el di\u00e1logo con el gobierno\u00bb, aclar\u00f3 Plaini, en referencia a la \u00faltima movilizaci\u00f3n a Plaza de Mayo.<\/p>\n<p>Sobre la reuni\u00f3n con Triaca, plante\u00f3 que el gobierno \u00abha expresado que su interlocutor directo\u00bb es el ministro de Trabajo, con quien se aborda \u00abla agenda\u00bb de la central.<\/p>\n<p>Despu\u00e9s de la cita de este lunes, en la que se avanz\u00f3 sobre el \u00abblanqueo laboral\u00bb, Plaini destac\u00f3 que ma\u00f1ana Triaca dialogar\u00e1 con los \u00ab37 miembros\u00bb del consejo directivo de la central.<\/p>\n<p>Desde el gobierno, el jefe de Gabinete, Marcos Pe\u00f1a, afirm\u00f3 que hay \u00abuna agenda de di\u00e1logo permanente\u00bb con la central, aunque remarc\u00f3 que \u00abno hay un tema espec\u00edfico para plantear\u00bb.<\/p>\n<p>\u00abTenemos una agenda de di\u00e1logo permanente en la b\u00fasqueda central, que es ir hacia la pobreza cero a trav\u00e9s de la generaci\u00f3n de empleo, la formalizaci\u00f3n del empleo informal y la capacitaci\u00f3n y formaci\u00f3n de los j\u00f3venes\u00bb, resalt\u00f3.<\/p>\n<p>Ante la posibilidad de que el oficialismo impulse una reforma laboral, Plaini plante\u00f3 que \u00abson trascendidos\u00bb porque Triaca \u00abno ha dicho eso\u00bb, sino \u00abal contario: no tienen ninguna intencionalidad, s\u00f3lo tratar algunas cuestiones puntuales\u00bb.<\/p>\n<p>En la misma l\u00ednea, el jefe del Sindicato de Obras Sanitarias, Jos\u00e9 Luis Lingeri, asegur\u00f3 que el gobierno \u00abno prev\u00e9 una reforma laboral al estilo de Brasil\u00bb.<\/p>\n<h6>Fuente: La Capital Rosario<\/h6>\n","protected":false},"excerpt":{"rendered":"<p>La CGT congreg\u00f3 ayer a su consejo directivo para definir el temario de la reuni\u00f3n que la central realizar\u00e1 ma\u00f1ana con el ministro de Trabajo, Jorge Triaca, en tanto concret\u00f3 los detalles organizativos del Comit\u00e9 Central Confederal que se llevar\u00e1 a cabo el 3 de octubre<\/p>\n","protected":false},"author":2,"featured_media":67796,"comment_status":"closed","ping_status":"closed","sticky":false,"template":"","format":"standard","meta":{"footnotes":""},"categories":[8],"tags":[21],"class_list":["post-67795","post","type-post","status-publish","format-standard","has-post-thumbnail","hentry","category-informe-nacional","tag-argentina"],"_links":{"self":[{"href":"http:\/\/argentinamunicipal.com.ar\/argentina\/wp-json\/wp\/v2\/posts\/67795","targetHints":{"allow":["GET"]}}],"collection":[{"href":"http:\/\/argentinamunicipal.com.ar\/argentina\/wp-json\/wp\/v2\/posts"}],"about":[{"href":"http:\/\/argentinamunicipal.com.ar\/argentina\/wp-json\/wp\/v2\/types\/post"}],"author":[{"embeddable":true,"href":"http:\/\/argentinamunicipal.com.ar\/argentina\/wp-json\/wp\/v2\/users\/2"}],"replies":[{"embeddable":true,"href":"http:\/\/argentinamunicipal.com.ar\/argentina\/wp-json\/wp\/v2\/comments?post=67795"}],"version-history":[{"count":0,"href":"http:\/\/argentinamunicipal.com.ar\/argentina\/wp-json\/wp\/v2\/posts\/67795\/revisions"}],"wp:featuredmedia":[{"embeddable":true,"href":"http:\/\/argentinamunicipal.com.ar\/argentina\/wp-json\/wp\/v2\/media\/67796"}],"wp:attachment":[{"href":"http:\/\/argentinamunicipal.com.ar\/argentina\/wp-json\/wp\/v2\/media?parent=67795"}],"wp:term":[{"taxonomy":"category","embeddable":true,"href":"http:\/\/argentinamunicipal.com.ar\/argentina\/wp-json\/wp\/v2\/categories?post=67795"},{"taxonomy":"post_tag","embeddable":true,"href":"http:\/\/argentinamunicipal.com.ar\/argentina\/wp-json\/wp\/v2\/tags?post=67795"}],"curies":[{"name":"wp","href":"https:\/\/api.w.org\/{rel}","templated":true}]}}