{"id":6781,"date":"2014-04-30T14:34:29","date_gmt":"2014-04-30T17:34:29","guid":{"rendered":"http:\/\/argentinamunicipal.com.ar\/argentina\/?p=6781"},"modified":"2014-04-30T14:34:29","modified_gmt":"2014-04-30T17:34:29","slug":"convenio-entre-municipio-de-eduardo-castex-y-registro-de-la-propiedad-inmueble","status":"publish","type":"post","link":"http:\/\/argentinamunicipal.com.ar\/argentina\/convenio-entre-municipio-de-eduardo-castex-y-registro-de-la-propiedad-inmueble\/","title":{"rendered":"Convenio entre municipio de Eduardo Castex y Registro de la  Propiedad Inmueble"},"content":{"rendered":"<p><a href=\"http:\/\/argentinamunicipal.com.ar\/argentina\/wp-content\/uploads\/2014\/04\/edificio-municipalidad.jpg\"><img loading=\"lazy\" decoding=\"async\" class=\"alignleft size-full wp-image-6782\" src=\"http:\/\/argentinamunicipal.com.ar\/argentina\/wp-content\/uploads\/2014\/04\/edificio-municipalidad.jpg\" alt=\"edificio-municipalidad\" width=\"500\" height=\"266\" srcset=\"http:\/\/argentinamunicipal.com.ar\/argentina\/wp-content\/uploads\/2014\/04\/edificio-municipalidad.jpg 500w, http:\/\/argentinamunicipal.com.ar\/argentina\/wp-content\/uploads\/2014\/04\/edificio-municipalidad-300x159.jpg 300w\" sizes=\"auto, (max-width: 500px) 100vw, 500px\" \/><\/a>El intendente castense, Julio Gonz\u00e1lez, y el director general de Registro de la Propiedad Inmueble de La Pampa, Mart\u00edn Ellal, firmaron un convenio para facilitar que los vecinos puedan hacer gratuitamente el tr\u00e1mite para declarar las viviendas como \u00abBien de Familia\u00bb, para proteger las casas de dificultades econ\u00f3micas y sociales.<\/p>\n<p>\u00abEste tr\u00e1mite actualmente se hace ante escribano p\u00fablico o los interesados deben viajar a Santa Rosa con el costo y los trastornos y p\u00e9rdida de tiempo que esto significa, pero ahora con la firma de este convenio los interesados podr\u00e1n hacer la diligencia directamente en el municipio y sin costo\u00bb, explic\u00f3 Gonz\u00e1lez.<\/p>\n<p>El acuerdo se firm\u00f3 cuando concluyeron las Primeras Jornadas Provinciales de Capacitaci\u00f3n de la Actividad Registral, que fueron presididas por el ministro de Gobierno, Justicia y Seguridad de La Pampa, Leonardo Villalva, y cont\u00f3 con la presencia de asistentes de Monte Nievas, Conhelo, Rucanelo, Winifreda, Arata, Caleuf\u00fa y Castex.<\/p>\n<p>El convenio tiene \u00abcomo objetivo inscribir jur\u00eddicamente\u00bb las viviendas como Bien de Familia, enmarcada en la Protecci\u00f3n de la Vivienda Familiar regido por el decreto de Ley 505\/69.<\/p>\n<p>\u00abEl fin del Bien de Familia es proteger la vivienda donde reside el grupo familiar y posee un alto valor humano y social con un doble objetivo: uno econ\u00f3mico, conservar parte del patrimonio; y otro social, propiciar el mantenimiento familiar en un mismo techo\u00bb, indic\u00f3 Gonz\u00e1lez.<\/p>\n<p>\u00abEl tr\u00e1mite es gratuito y los tr\u00e1mites ser\u00e1n realizados desde la Direcci\u00f3n de Coordinaci\u00f3n y Gesti\u00f3n, a cargo de Oscar Rubiano, y las personas que est\u00e9n interesadas, deber\u00e1n acercarse para obtener informaci\u00f3n o iniciar los tr\u00e1mites\u00bb, explic\u00f3 el jefe comunal.<\/p>\n<h3>Desag\u00fces.<\/h3>\n<p>Por su parte, los operarios municipales se encuentran ejecutando trabajos de mejoramiento de los desag\u00fces pluviales en la zona sur de Castex, donde se financiar\u00e1n obras con aportes de los fondos econ\u00f3micos coparticipables para realizar obras de estas caracter\u00edsticas.<\/p>\n<p>Los trabajos consisten en la reapertura de los cruces del canal alternativo que se realiz\u00f3 durante las inundaciones de 2001. La comuna adquiri\u00f3 seis tubos de cemento de 1 por 0.60 metros y un tubo de 8 por 1.10 metros, que ser\u00e1n colocados en esos cruces para mejorar el escurrimiento de las aguas, dado que durante los d\u00edas de lluvia se generan anegamientos en esa zona, y se torna intransitable para los rodados.<\/p>\n<p>\u00abLos trabajos realizados permitir\u00e1n el escurrimiento del agua que proviene de la zona sur y oeste del basurero municipal\u00bb, indicaron desde Prensa municipal. \u00abEst\u00e1 obra se realizar\u00e1 con fondos (econ\u00f3micos) y mano de obra de la comuna\u00bb, agregaron.<\/p>\n<h6>Fuente: La Arena<\/h6>\n","protected":false},"excerpt":{"rendered":"<p>El intendente castense, Julio Gonz\u00e1lez, y el director general de Registro de la Propiedad Inmueble de La Pampa, Mart\u00edn Ellal, firmaron un convenio para facilitar que los vecinos puedan hacer gratuitamente el tr\u00e1mite para declarar las viviendas como \u00abBien de Familia\u00bb, para proteger las casas de dificultades econ\u00f3micas y sociales. \u00abEste tr\u00e1mite actualmente se hace<\/p>\n","protected":false},"author":2,"featured_media":6782,"comment_status":"closed","ping_status":"closed","sticky":false,"template":"","format":"standard","meta":{"footnotes":""},"categories":[2],"tags":[42],"class_list":["post-6781","post","type-post","status-publish","format-standard","has-post-thumbnail","hentry","category-informe-municipal","tag-la-pampa"],"_links":{"self":[{"href":"http:\/\/argentinamunicipal.com.ar\/argentina\/wp-json\/wp\/v2\/posts\/6781","targetHints":{"allow":["GET"]}}],"collection":[{"href":"http:\/\/argentinamunicipal.com.ar\/argentina\/wp-json\/wp\/v2\/posts"}],"about":[{"href":"http:\/\/argentinamunicipal.com.ar\/argentina\/wp-json\/wp\/v2\/types\/post"}],"author":[{"embeddable":true,"href":"http:\/\/argentinamunicipal.com.ar\/argentina\/wp-json\/wp\/v2\/users\/2"}],"replies":[{"embeddable":true,"href":"http:\/\/argentinamunicipal.com.ar\/argentina\/wp-json\/wp\/v2\/comments?post=6781"}],"version-history":[{"count":0,"href":"http:\/\/argentinamunicipal.com.ar\/argentina\/wp-json\/wp\/v2\/posts\/6781\/revisions"}],"wp:featuredmedia":[{"embeddable":true,"href":"http:\/\/argentinamunicipal.com.ar\/argentina\/wp-json\/wp\/v2\/media\/6782"}],"wp:attachment":[{"href":"http:\/\/argentinamunicipal.com.ar\/argentina\/wp-json\/wp\/v2\/media?parent=6781"}],"wp:term":[{"taxonomy":"category","embeddable":true,"href":"http:\/\/argentinamunicipal.com.ar\/argentina\/wp-json\/wp\/v2\/categories?post=6781"},{"taxonomy":"post_tag","embeddable":true,"href":"http:\/\/argentinamunicipal.com.ar\/argentina\/wp-json\/wp\/v2\/tags?post=6781"}],"curies":[{"name":"wp","href":"https:\/\/api.w.org\/{rel}","templated":true}]}}