{"id":67847,"date":"2017-09-22T05:14:44","date_gmt":"2017-09-22T08:14:44","guid":{"rendered":"http:\/\/argentinamunicipal.com.ar\/argentina\/?p=67847"},"modified":"2017-09-22T07:17:08","modified_gmt":"2017-09-22T10:17:08","slug":"alerta-la-crisis-varias-empresas-santa-isabel","status":"publish","type":"post","link":"http:\/\/argentinamunicipal.com.ar\/argentina\/alerta-la-crisis-varias-empresas-santa-isabel\/","title":{"rendered":"Alerta por la crisis de varias empresas en Santa Isabel"},"content":{"rendered":"<p>Est\u00e1 en dificultades la cooperativa agropecuaria, un frigor\u00edfico trabaja muy por debajo de su capacidad y un molino harinero cerr\u00f3<\/p>\n<p>En pleno coraz\u00f3n de la Pampa sojera no todo es color de rosa como parece. Existen problemas de \u00edndole econ\u00f3mico y tambi\u00e9n clim\u00e1tico como la crisis h\u00eddrica que hace estragos en las distintas comunidades.<\/p>\n<p>En Santa Isabel, localidad de 4.800 habitantes al sur de la provincia de Santa Fe, cerr\u00f3 una hist\u00f3rica f\u00e1brica de quesos, hay problemas econ\u00f3micos con una cooperativa agropecuaria, y un matadero de cerdos funciona muy por debajo de lo ideal.<\/p>\n<p>El 29 de marzo pasado, este diario consign\u00f3 que \u00abdirectivos de la f\u00e1brica de quesos Magnasco enviaron 26 telegramas de despidos a sus operarios que quedaron sin su fuente laboral.<\/p>\n<p>La planta fabril est\u00e1 ubicada en el distrito Santa Isabel aunque por proximidad se encuentra a pocos kil\u00f3metros de Mar\u00eda Teresa. Once de sus operarios eran de esa localidad y los restantes de Santa Isabel\u00bb.<\/p>\n<p>El actual presidente comunal de esta localidad del departamento General L\u00f3pez, el radical Jorge Raverta, manifest\u00f3 su preocupaci\u00f3n por la situaci\u00f3n social de su comunidad, aunque fiel a su estilo prefiri\u00f3 mantener la calma y ser optimista de cara al futuro.<\/p>\n<p>Obviamente esas cuestiones exceden a cualquier mandatario comunal y tienen m\u00e1s que ver con pol\u00edticas macroecon\u00f3micas que algo que dependa de su \u00f3rbita de acci\u00f3n.<\/p>\n<p>La Cooperativa de Trabajo de Santa Isabel (Cotrasi) fue un ejemplo en el pa\u00eds ya que a principios de la d\u00e9cada pasada, se constituy\u00f3 en el primer emprendimiento recuperado por sus trabajadores luego de su cierre.<\/p>\n<p>\u00abEl frigor\u00edfico de cerdos, una de las principales fuentes de trabajo est\u00e1 trabajando muy por debajo de su capacidad productiva. Para una comuna mediana es muy complejo cargar con el sostenimiento de la crisis\u00bb, manifest\u00f3 Jorge Raverta en declaraciones la radio P\u00fablica de Venado Tuerto.<\/p>\n<p>Cotrasi tiene 50 empleados aunque lleg\u00f3 a tener m\u00e1s de 120 empleados d\u00e9cadas atr\u00e1s. Hoy se est\u00e1n realizando matanzas de desposte y faena de 2 mil animales por mes, aunque el establecimiento tiene capacidad para 10 mil.<\/p>\n<p>\u00abActualmente los sueldos son m\u00ednimos y est\u00e1n cargados al monotributo social. Algunos trabajan en los frigor\u00edficos de la zona, otros est\u00e1n empleados desde la comuna como mano de obra, otros trabajan en domicilios particulares\u00bb, indic\u00f3 Raverta.<\/p>\n<p>\u00abHoy Cotrasi no necesita dinero, sino usuarios que lleven sus cerdos y el mercado est\u00e1 complicado\u00bb, a\u00f1adi\u00f3 el jefe comunal.<\/p>\n<p>Raverta explic\u00f3 que \u00abel rubro cerdo no es una rama confiable por el tema de los pagos. Cotrasi se queda con algunos elementos y hace fiambres, que est\u00e1n canalizando alrededor de 8 mil kilos en la zona del valle\u00bb.<\/p>\n<p>Tampoco es buena la situaci\u00f3n de la Cooperativa Agropecuaria de la localidad, seg\u00fan Raverta, ya que \u00abest\u00e1 en convocatoria de acreedores\u00bb, aunque esperan que la situaci\u00f3n se revierta.<\/p>\n<p>El molino de Sudamericana, en tanto, est\u00e1 alquilado y los titulares son oriundos de San Jorge. Cuenta con una capacidad mensual de molienda de 4 mil toneladas. Hab\u00edan quedado nueve empleados en la calle por el cierre pero las noticias ahora son alentadoras. \u00abEstamos haciendo gestiones para lograr su reapertura\u00bb, apunt\u00f3 el mandatario comunal que mantiene el optimismo.<\/p>\n<h6>Fuente: La Capital Rosario<\/h6>\n","protected":false},"excerpt":{"rendered":"<p>Est\u00e1 en dificultades la cooperativa agropecuaria, un frigor\u00edfico trabaja muy por debajo de su capacidad y un molino harinero cerr\u00f3<\/p>\n","protected":false},"author":2,"featured_media":67848,"comment_status":"closed","ping_status":"closed","sticky":false,"template":"","format":"standard","meta":{"footnotes":""},"categories":[2],"tags":[10],"class_list":["post-67847","post","type-post","status-publish","format-standard","has-post-thumbnail","hentry","category-informe-municipal","tag-santa-fe"],"_links":{"self":[{"href":"http:\/\/argentinamunicipal.com.ar\/argentina\/wp-json\/wp\/v2\/posts\/67847","targetHints":{"allow":["GET"]}}],"collection":[{"href":"http:\/\/argentinamunicipal.com.ar\/argentina\/wp-json\/wp\/v2\/posts"}],"about":[{"href":"http:\/\/argentinamunicipal.com.ar\/argentina\/wp-json\/wp\/v2\/types\/post"}],"author":[{"embeddable":true,"href":"http:\/\/argentinamunicipal.com.ar\/argentina\/wp-json\/wp\/v2\/users\/2"}],"replies":[{"embeddable":true,"href":"http:\/\/argentinamunicipal.com.ar\/argentina\/wp-json\/wp\/v2\/comments?post=67847"}],"version-history":[{"count":0,"href":"http:\/\/argentinamunicipal.com.ar\/argentina\/wp-json\/wp\/v2\/posts\/67847\/revisions"}],"wp:featuredmedia":[{"embeddable":true,"href":"http:\/\/argentinamunicipal.com.ar\/argentina\/wp-json\/wp\/v2\/media\/67848"}],"wp:attachment":[{"href":"http:\/\/argentinamunicipal.com.ar\/argentina\/wp-json\/wp\/v2\/media?parent=67847"}],"wp:term":[{"taxonomy":"category","embeddable":true,"href":"http:\/\/argentinamunicipal.com.ar\/argentina\/wp-json\/wp\/v2\/categories?post=67847"},{"taxonomy":"post_tag","embeddable":true,"href":"http:\/\/argentinamunicipal.com.ar\/argentina\/wp-json\/wp\/v2\/tags?post=67847"}],"curies":[{"name":"wp","href":"https:\/\/api.w.org\/{rel}","templated":true}]}}