{"id":6787,"date":"2014-04-30T15:15:21","date_gmt":"2014-04-30T18:15:21","guid":{"rendered":"http:\/\/argentinamunicipal.com.ar\/argentina\/?p=6787"},"modified":"2014-04-30T15:15:21","modified_gmt":"2014-04-30T18:15:21","slug":"primer-encuentro-de-inta-con-intendentes-de-valle-medio-y-rio-colorado-por-plan-regional","status":"publish","type":"post","link":"http:\/\/argentinamunicipal.com.ar\/argentina\/primer-encuentro-de-inta-con-intendentes-de-valle-medio-y-rio-colorado-por-plan-regional\/","title":{"rendered":"Primer encuentro de INTA con intendentes de Valle Medio y R\u00edo Colorado por plan regional"},"content":{"rendered":"<p><a href=\"http:\/\/argentinamunicipal.com.ar\/argentina\/wp-content\/uploads\/2014\/04\/14.jpg\"><img loading=\"lazy\" decoding=\"async\" class=\"alignleft size-full wp-image-6789\" src=\"http:\/\/argentinamunicipal.com.ar\/argentina\/wp-content\/uploads\/2014\/04\/14.jpg\" alt=\"14\" width=\"535\" height=\"358\" srcset=\"http:\/\/argentinamunicipal.com.ar\/argentina\/wp-content\/uploads\/2014\/04\/14.jpg 535w, http:\/\/argentinamunicipal.com.ar\/argentina\/wp-content\/uploads\/2014\/04\/14-300x200.jpg 300w\" sizes=\"auto, (max-width: 535px) 100vw, 535px\" \/><\/a>Se realiz\u00f3 ayer martes en Luis Beltr\u00e1n un Primer Encuentro de T\u00e9cnicos del INTA, intendentes y referentes de producci\u00f3n de municipios, en el marco del abordaje del Proyecto Regional del Valle Medio y R\u00edo Colorado.<\/p>\n<p>Con la participaci\u00f3n de los intendentes de Coronel Belisle, Lamarque, Choele Choel , Chimpay, Pomona y Luis Beltr\u00e1n y representantes del INTA, se dio un debate con diagn\u00f3sticos sobre los sectores de los peque\u00f1os y medianos productores y respecto de las necesidades de organizaci\u00f3n y asociaci\u00f3n de actores, como uno de los ejes importantes a la hora de articular acciones entre instituciones nacionales, provinciales y locales que trabajan en el territorio.<br \/>\nEntre las conclusiones de esta primera puesta en com\u00fan se destac\u00f3 a los municipios como espacios estrat\u00e9gicos con los que se necesita fortalecer v\u00ednculos y la importancia de poder definir la orientaci\u00f3n productiva de cada zona. Se plante\u00f3 as\u00ed la relevancia que debe cobrar la apertura a la intervenci\u00f3n de todos los sectores en el marco de un proyecto de desarrollo regional.<\/p>\n<p>En tal sentido el Director del Centro Regional Patagonia Norte Jorge Reynals destac\u00f3 que \u201cuna regi\u00f3n como Valle Medio no hay en muchos lados, donde existen siete municipios que pueden trabajar en conjunto, utilizando el apoyo que pueden aportarles el INTA y otras instituciones para su desarrollo\u201d. Hizo hincapi\u00e9 en que los intendentes \u201cson el primer actor pol\u00edtico y fundamental que gobierna los territorios\u201d. Coment\u00f3 en tal sentido que \u201centre las herramientas en marcha que puede ofrecer el INTA existen los Proyectos Regionales, que incluyen otros instrumentos como PROFEDER, que financian actividades de la agencia para atenci\u00f3n de productores, como as\u00ed tambi\u00e9n el programa de Cambio Rural, en el que se podr\u00e1n incorporar nuevos grupos, entre otras posibilidades\u201d, sin embargo destac\u00f3 \u201csi los productores no ven asociados a los sectores institucionales no lo tomar\u00e1n ellos como forma de organizaci\u00f3n\u201d.<br \/>\nPor su parte el Director de la EEA Alto Valle Jorge Toranzo enfatiz\u00f3 sobre \u201cel compromiso de la estaci\u00f3n experimental de comenzar a tomar temas concretos en acuerdo con los municipios como por ejemplo capacitaciones en manejo de plaguicidas, remediaci\u00f3n de tierras, temas que surgieron como preocupaci\u00f3n en el encuentro, m\u00e1s all\u00e1 del asociativismo, que tambi\u00e9n habr\u00e1 que trabajar y que est\u00e1 relacionado a la cultura de los pueblos como en la comunidad boliviana, que sirve de ejemplo\u201d.<\/p>\n<p>En tanto Veronica Favere, titular de la AER Valle Medio y Walter Nievas Coordinador del PRET Valle Medio, coincidieron en la necesidad de tomar estos encuentros como espacios para reflexionar sobre tem\u00e1ticas que hacen al desarrollo de un proyecto regional articulado. Se apunt\u00f3 tambi\u00e9n la importancia de trabajar en el registro de agricultores familiares, \u201cpara contar con una base de datos sobre qu\u00e9 hace cada productor y de qu\u00e9 forma lo desarrolla, para tomar como insumo y trabajar a trav\u00e9s de la misma\u201d.<br \/>\nEstuvieron presentes adem\u00e1s de los directores y jefes de agencia del INTA mencionados, Rafael de Rossi, de la AER R\u00edo Colorado, los intendentes Sergio Hern\u00e1ndez de Lamarque, Juan Carlos APUD de Luis Beltr\u00e1n, Mar\u00eda Maldonado de Pomona, Gerardo Bravo de Chimpay, David Mendoza de Cnel. Belisle y Dar\u00edo Castro Director de Producci\u00f3n de Choele Choel.<\/p>\n<h6>Fuente: ADN R\u00edo Negro<\/h6>\n","protected":false},"excerpt":{"rendered":"<p>Se realiz\u00f3 ayer martes en Luis Beltr\u00e1n un Primer Encuentro de T\u00e9cnicos del INTA, intendentes y referentes de producci\u00f3n de municipios, en el marco del abordaje del Proyecto Regional del Valle Medio y R\u00edo Colorado. Con la participaci\u00f3n de los intendentes de Coronel Belisle, Lamarque, Choele Choel , Chimpay, Pomona y Luis Beltr\u00e1n y representantes<\/p>\n","protected":false},"author":2,"featured_media":6789,"comment_status":"closed","ping_status":"closed","sticky":false,"template":"","format":"standard","meta":{"footnotes":""},"categories":[2],"tags":[11],"class_list":["post-6787","post","type-post","status-publish","format-standard","has-post-thumbnail","hentry","category-informe-municipal","tag-rio-negro"],"_links":{"self":[{"href":"http:\/\/argentinamunicipal.com.ar\/argentina\/wp-json\/wp\/v2\/posts\/6787","targetHints":{"allow":["GET"]}}],"collection":[{"href":"http:\/\/argentinamunicipal.com.ar\/argentina\/wp-json\/wp\/v2\/posts"}],"about":[{"href":"http:\/\/argentinamunicipal.com.ar\/argentina\/wp-json\/wp\/v2\/types\/post"}],"author":[{"embeddable":true,"href":"http:\/\/argentinamunicipal.com.ar\/argentina\/wp-json\/wp\/v2\/users\/2"}],"replies":[{"embeddable":true,"href":"http:\/\/argentinamunicipal.com.ar\/argentina\/wp-json\/wp\/v2\/comments?post=6787"}],"version-history":[{"count":0,"href":"http:\/\/argentinamunicipal.com.ar\/argentina\/wp-json\/wp\/v2\/posts\/6787\/revisions"}],"wp:featuredmedia":[{"embeddable":true,"href":"http:\/\/argentinamunicipal.com.ar\/argentina\/wp-json\/wp\/v2\/media\/6789"}],"wp:attachment":[{"href":"http:\/\/argentinamunicipal.com.ar\/argentina\/wp-json\/wp\/v2\/media?parent=6787"}],"wp:term":[{"taxonomy":"category","embeddable":true,"href":"http:\/\/argentinamunicipal.com.ar\/argentina\/wp-json\/wp\/v2\/categories?post=6787"},{"taxonomy":"post_tag","embeddable":true,"href":"http:\/\/argentinamunicipal.com.ar\/argentina\/wp-json\/wp\/v2\/tags?post=6787"}],"curies":[{"name":"wp","href":"https:\/\/api.w.org\/{rel}","templated":true}]}}