{"id":67877,"date":"2017-09-22T05:53:31","date_gmt":"2017-09-22T08:53:31","guid":{"rendered":"http:\/\/argentinamunicipal.com.ar\/argentina\/?p=67877"},"modified":"2017-09-22T07:55:25","modified_gmt":"2017-09-22T10:55:25","slug":"sigue-la-polemica-rosario-los-inmuebles-valor-patrimonial","status":"publish","type":"post","link":"http:\/\/argentinamunicipal.com.ar\/argentina\/sigue-la-polemica-rosario-los-inmuebles-valor-patrimonial\/","title":{"rendered":"Sigue la pol\u00e9mica en Rosario por los inmuebles de valor patrimonial"},"content":{"rendered":"<p>Concejales y funcionarios del Ejecutivo se reunir\u00e1n hoy luego de que se conocieron los pedidos de excepci\u00f3n a la norma que protege edificios hist\u00f3ricos<\/p>\n<p>Concejales y funcionarios del municipio se reunir\u00e1n hoy para analizar la situaci\u00f3n de los inmuebles que integran el cat\u00e1logo de edificios de valor patrimonial de la ciudad. La semana pasada, el inventario fue cuestionado por algunos ediles de la comisi\u00f3n de Planeamiento, donde aumentaron los pedidos de excepci\u00f3n a la norma que protege las construcciones hist\u00f3ricas del \u00e1rea central.<\/p>\n<p>Por eso, un grupo de concejales solicit\u00f3 una reuni\u00f3n con las autoridades de la Secretar\u00eda de Planeamiento y del Programa de Preservaci\u00f3n de la Municipalidad. Seg\u00fan explic\u00f3 el concejal del PRO, Alejandro Rossell\u00f3, es necesario \u00abestablecer criterios comunes entre el municipio y el Concejo para responder a los pedidos de excepci\u00f3n de los propietarios y, adem\u00e1s, revisar las caracter\u00edsticas del cat\u00e1logo que protege a los inmuebles\u00bb.<\/p>\n<p>El cat\u00e1logo est\u00e1 pr\u00f3ximo a cumplir diez a\u00f1os. Fue aprobado por el Concejo Municipal en 2008 en base a un trabajo realizado entre especialistas del municipio y de la Universidad Nacional de Rosario (UNR). El listado alcanza a casi 6 mil edificios que gozan de distintos grados de protecci\u00f3n. Casi la mitad de estos inmuebles (unos 2.600) est\u00e1n en el distrito centro.<\/p>\n<p>La norma ampara a aquellos inmuebles que forman parte de la memoria arquitect\u00f3nica y cultural de la ciudad; sin embargo, m\u00e1s de una vez fue criticada por avanzar sobre el derecho de los due\u00f1os de esos inmuebles ya que, entienden los propietarios, recorta la posibilidad de realizar modificaciones a esos edificios.<\/p>\n<p>Camino<\/p>\n<p>Con este planteo, los due\u00f1os de los inmuebles llevan los pedidos de excepci\u00f3n a la norma al Concejo Municipal. En las \u00faltimas semanas, los propietarios de las casonas de San Lorenzo 1954, Laprida 1319 y Laprida 1321 iniciaron este camino.<\/p>\n<p>Desde el municipio, descartaron la posibilidad de modificar el inventario de inmuebles protegidos. El secretario de Planeamiento, Pablo Abalos, consider\u00f3 que se trata de una \u00abherramienta que nos ha permitido preservar nuestro patrimonio arquitect\u00f3nico y me parece que los resultados son muy buenos\u00bb, sostuvo.<\/p>\n<p>Sin embargo se mostr\u00f3 dispuesto a analizar \u00abcaso por caso\u00bb los expedientes iniciados en el Concejo Municipal.<\/p>\n<p>Por eso, sostuvo, \u00abpodemos atender los casos que tiene el Concejo, escucharlos, y hacer un an\u00e1lisis en funci\u00f3n del grado de protecci\u00f3n que tenga cada inmueble. Pero no es el momento de una revisi\u00f3n general del cat\u00e1logo\u00bb, sostuvo.<\/p>\n<h6>Fuente: La Capital Rosario<\/h6>\n","protected":false},"excerpt":{"rendered":"<p>Concejales y funcionarios del Ejecutivo se reunir\u00e1n hoy luego de que se conocieron los pedidos de excepci\u00f3n a la norma que protege edificios hist\u00f3ricos<\/p>\n","protected":false},"author":2,"featured_media":67878,"comment_status":"closed","ping_status":"closed","sticky":false,"template":"","format":"standard","meta":{"footnotes":""},"categories":[2],"tags":[10],"class_list":["post-67877","post","type-post","status-publish","format-standard","has-post-thumbnail","hentry","category-informe-municipal","tag-santa-fe"],"_links":{"self":[{"href":"http:\/\/argentinamunicipal.com.ar\/argentina\/wp-json\/wp\/v2\/posts\/67877","targetHints":{"allow":["GET"]}}],"collection":[{"href":"http:\/\/argentinamunicipal.com.ar\/argentina\/wp-json\/wp\/v2\/posts"}],"about":[{"href":"http:\/\/argentinamunicipal.com.ar\/argentina\/wp-json\/wp\/v2\/types\/post"}],"author":[{"embeddable":true,"href":"http:\/\/argentinamunicipal.com.ar\/argentina\/wp-json\/wp\/v2\/users\/2"}],"replies":[{"embeddable":true,"href":"http:\/\/argentinamunicipal.com.ar\/argentina\/wp-json\/wp\/v2\/comments?post=67877"}],"version-history":[{"count":0,"href":"http:\/\/argentinamunicipal.com.ar\/argentina\/wp-json\/wp\/v2\/posts\/67877\/revisions"}],"wp:featuredmedia":[{"embeddable":true,"href":"http:\/\/argentinamunicipal.com.ar\/argentina\/wp-json\/wp\/v2\/media\/67878"}],"wp:attachment":[{"href":"http:\/\/argentinamunicipal.com.ar\/argentina\/wp-json\/wp\/v2\/media?parent=67877"}],"wp:term":[{"taxonomy":"category","embeddable":true,"href":"http:\/\/argentinamunicipal.com.ar\/argentina\/wp-json\/wp\/v2\/categories?post=67877"},{"taxonomy":"post_tag","embeddable":true,"href":"http:\/\/argentinamunicipal.com.ar\/argentina\/wp-json\/wp\/v2\/tags?post=67877"}],"curies":[{"name":"wp","href":"https:\/\/api.w.org\/{rel}","templated":true}]}}