{"id":67905,"date":"2017-09-25T06:22:59","date_gmt":"2017-09-25T09:22:59","guid":{"rendered":"http:\/\/argentinamunicipal.com.ar\/argentina\/?p=67905"},"modified":"2017-09-25T06:22:59","modified_gmt":"2017-09-25T09:22:59","slug":"multitudinario-acto-cfk-insto-los-jovenes-no-dejarse-intimidar-precarizar-provocar","status":"publish","type":"post","link":"http:\/\/argentinamunicipal.com.ar\/argentina\/multitudinario-acto-cfk-insto-los-jovenes-no-dejarse-intimidar-precarizar-provocar\/","title":{"rendered":"En otro multitudinario acto, CFK inst\u00f3 a los j\u00f3venes a no dejarse \u00abintimidar, precarizar y provocar\u00bb"},"content":{"rendered":"<p>En Punta Lara, partido de Ensenada, Cristina Fern\u00e1ndez de Kirchner reuni\u00f3 a una multitud de j\u00f3venes, a quienes recomend\u00f3 que no se queden \u00abcallados, sumisos o anestesiados\u00bb.<\/p>\n<p>Cristina Fern\u00e1ndez de Kirchner encabez\u00f3 otro acto multitudinario en plena campa\u00f1a bonaerense. Esta vez fue en Punta Lara, partido de Ensenada, donde envi\u00f3 un mensaje con un destinatario espec\u00edfico: la juventud.<\/p>\n<p>CFK cerr\u00f3 as\u00ed una semana con targets muy delineados: primero junto a jubilados en Lomas, despu\u00e9s con mujeres en Ezeiza. El mensaje de hoy busc\u00f3 despertar la \u00abrebeld\u00eda\u00bb propia de la juventud.<\/p>\n<p>Durante su discurso, les asegur\u00f3 a los j\u00f3venes que \u00absi no se dejan intimidar, precarizar y provocar vamos a volver a construir ese pa\u00eds de sue\u00f1os e ideales donde cada argentino se levantaba y cre\u00eda que ma\u00f1ana iba a ser mejor que ayer\u00bb.<\/p>\n<p>\u00abLes pido que no se dejen enga\u00f1ar, confundir ni tampoco que les digan que son el futuro porque ustedes son el presente. Como son el presente opinan y demandan cosas sobre el presente\u00bb, exhort\u00f3 la expresidenta, que abog\u00f3 porque nadie \u00abpretenda tener j\u00f3venes en la Argentina callados, sumisos o anestesiados\u00bb.<\/p>\n<p>\u00abQuiero a los j\u00f3venes guardianes del agua y del verde donde van a estar las grandes batallas del futuro. Hoy son los guardianes de los sue\u00f1os y las ilusiones del presente\u201d, dijo Cristina, que asegur\u00f3 que \u00abeste presente que no nos gusta y nos parece justo, que favorece a unos pocos, donde te quieren cambiar los planes de estudio sin que puedas opinar o este presente donde no ten\u00e9s laburo, donde terminas el secundario y no sabes que vas a hacer\u00bb.<\/p>\n<p>\u00abQue nadie les diga que tienen que decir a todo que s\u00ed. Eso no es democr\u00e1tico\u00bb, continu\u00f3, y recomend\u00f3 no dejarse \u00abasustar\u00bb y tampoco \u00abprovocar\u00bb porque, dijo,\u00a0\u00abvan a querer que cometan errores y van a apuntar a criminalizar a los j\u00f3venes y a los que piensan distinto. Con un pensamiento tan precario como el que tienen cuando un joven piensa se encienden para ellos las alarmas del peligro\u00bb.<\/p>\n<p>Acompa\u00f1aron a Cristina el segundo candidato a senador nacional por Unidad Ciudadana, Jorge Taiana, el intendente de Ensenada, Mario Secco, y candidatos de Unidad Ciudadana de la regi\u00f3n y la provincia.<\/p>\n<h6>Fuente: InfoCielo<\/h6>\n","protected":false},"excerpt":{"rendered":"<p>En Punta Lara, partido de Ensenada, Cristina Fern\u00e1ndez de Kirchner reuni\u00f3 a una multitud de j\u00f3venes, a quienes recomend\u00f3 que no se queden \u00abcallados, sumisos o anestesiados\u00bb.<\/p>\n","protected":false},"author":2,"featured_media":67906,"comment_status":"closed","ping_status":"closed","sticky":false,"template":"","format":"standard","meta":{"footnotes":""},"categories":[8],"tags":[21],"class_list":["post-67905","post","type-post","status-publish","format-standard","has-post-thumbnail","hentry","category-informe-nacional","tag-argentina"],"_links":{"self":[{"href":"http:\/\/argentinamunicipal.com.ar\/argentina\/wp-json\/wp\/v2\/posts\/67905","targetHints":{"allow":["GET"]}}],"collection":[{"href":"http:\/\/argentinamunicipal.com.ar\/argentina\/wp-json\/wp\/v2\/posts"}],"about":[{"href":"http:\/\/argentinamunicipal.com.ar\/argentina\/wp-json\/wp\/v2\/types\/post"}],"author":[{"embeddable":true,"href":"http:\/\/argentinamunicipal.com.ar\/argentina\/wp-json\/wp\/v2\/users\/2"}],"replies":[{"embeddable":true,"href":"http:\/\/argentinamunicipal.com.ar\/argentina\/wp-json\/wp\/v2\/comments?post=67905"}],"version-history":[{"count":0,"href":"http:\/\/argentinamunicipal.com.ar\/argentina\/wp-json\/wp\/v2\/posts\/67905\/revisions"}],"wp:featuredmedia":[{"embeddable":true,"href":"http:\/\/argentinamunicipal.com.ar\/argentina\/wp-json\/wp\/v2\/media\/67906"}],"wp:attachment":[{"href":"http:\/\/argentinamunicipal.com.ar\/argentina\/wp-json\/wp\/v2\/media?parent=67905"}],"wp:term":[{"taxonomy":"category","embeddable":true,"href":"http:\/\/argentinamunicipal.com.ar\/argentina\/wp-json\/wp\/v2\/categories?post=67905"},{"taxonomy":"post_tag","embeddable":true,"href":"http:\/\/argentinamunicipal.com.ar\/argentina\/wp-json\/wp\/v2\/tags?post=67905"}],"curies":[{"name":"wp","href":"https:\/\/api.w.org\/{rel}","templated":true}]}}