{"id":6791,"date":"2014-04-30T15:40:17","date_gmt":"2014-04-30T18:40:17","guid":{"rendered":"http:\/\/argentinamunicipal.com.ar\/argentina\/?p=6791"},"modified":"2014-04-30T15:40:17","modified_gmt":"2014-04-30T18:40:17","slug":"urbanizacion-y-un-impacto-irreversible-en-los-bosques-de-bariloche","status":"publish","type":"post","link":"http:\/\/argentinamunicipal.com.ar\/argentina\/urbanizacion-y-un-impacto-irreversible-en-los-bosques-de-bariloche\/","title":{"rendered":"Urbanizaci\u00f3n y un impacto irreversible en los bosques de Bariloche"},"content":{"rendered":"<p><a href=\"http:\/\/argentinamunicipal.com.ar\/argentina\/wp-content\/uploads\/2014\/04\/panoramica72.jpg\"><img loading=\"lazy\" decoding=\"async\" class=\"aligncenter size-full wp-image-6792\" src=\"http:\/\/argentinamunicipal.com.ar\/argentina\/wp-content\/uploads\/2014\/04\/panoramica72.jpg\" alt=\"panoramica72\" width=\"600\" height=\"224\" srcset=\"http:\/\/argentinamunicipal.com.ar\/argentina\/wp-content\/uploads\/2014\/04\/panoramica72.jpg 600w, http:\/\/argentinamunicipal.com.ar\/argentina\/wp-content\/uploads\/2014\/04\/panoramica72-300x112.jpg 300w\" sizes=\"auto, (max-width: 600px) 100vw, 600px\" \/><\/a><\/p>\n<p>En el marco del pedido de informes sobre el estado de los bosques y la tala ilegal en la Zona Andina, la Defensora del Pueblo de R\u00edo Negro, Nadina D\u00edaz, recibi\u00f3 respuesta de la Subsecretar\u00eda de Recursos Forestales que alerta sobre el impacto irreversible que tiene el crecimiento de la urbanizaci\u00f3n, principalmente en el oeste de la ciudad de Bariloche.<\/p>\n<p>El subsecretario de Recursos Forestales, Dr. Javier Grosfeld dijo que \u201chay que destacar que el mayor impacto sobre los bosques nativos lo representa el creciente proceso de urbanizaci\u00f3n en todo el ejido, en especial en el cerro Otto y el oeste de la ciudad, que van edificando los loteos previamente autorizados. Adem\u00e1s de las autorizaciones para el volteo de \u00e1rboles, el escurrimiento de l\u00edquidos domiciliarios, m\u00e1s el riego de jardines incrementan la incidencia del denominado \u201cmal del cipr\u00e9s\u201d que produce la muerte en pie de este \u00e1rbol de la cordillera y en consecuencia, el aumento de las autorizaciones por riesgo temido en las zonas de interfase urbano boscosas\u201d.<\/p>\n<p>Seg\u00fan el funcionario, la compleja situaci\u00f3n se ve agravada por la \u201cp\u00e9rdida casi total de la masa boscosa, incluso en \u00e1reas en las cuales estudios cient\u00edficos han demostrado el potencial riesgo que la p\u00e9rdida de la vegetaci\u00f3n puede ocasionar a la integridad y los bienes de los habitantes, como sucede en la ladera norte del cerro Otto\u201d.<\/p>\n<p>En el informe entregado a la Delegaci\u00f3n Andina de la Defensor\u00eda del Pueblo de R\u00edo Negro, el organismo provincial afirma que \u201cel estado general de los bosques nativos de los cerros San Mart\u00edn, Carb\u00f3n y Otto, es bueno\u201d y que los hechos de tala ilegal \u201cson puntuales\u201d y \u201cno alteran la diversidad biol\u00f3gica del bosque nativo, ni la capacidad de protecci\u00f3n del suelo ante la erosi\u00f3n\u201d.<\/p>\n<p>\u201cEn s\u00edntesis, si bien la tala ilegal impacta negativamente en el estado de conservaci\u00f3n de los bosques, es necesario recalcar que la fragmentaci\u00f3n del territorio con nuevas urbanizaciones con aprobaci\u00f3n municipal es uno de los principales factores de degradaci\u00f3n del bosque en el ejido, ya que si bien en el caso de la tala ilegal es factible realizar planes de restauraci\u00f3n ecol\u00f3gica, en el segundo caso el proceso es irreversible\u201d, concluye el informe.<\/p>\n<p>Multas por tala ilegal<\/p>\n<p>La respuesta al pedido de informes detalla que las zonas donde se verifican m\u00e1s infracciones por tala ilegal son las laderas sur-este y algunos puntos de la ladera norte del Cerro Otto, la ladera este del cerro San Mart\u00edn y la zona de Ca\u00f1ad\u00f3n de los Loros, del cerro Carb\u00f3n. Al respecto, a\u00f1ade que esa actividad se extiende a todo el ejido, principalmente en los lugares donde la situaci\u00f3n dominial es irregular (ocupaciones o abandono), o no hay ocupaci\u00f3n efectiva.<\/p>\n<p>Ante la constataci\u00f3n de infracciones a la ley 757, la modificatoria 1500 y el decreto 464\/75, el Servicio Forestal Andino realiza multas. En los \u00faltimos dos a\u00f1os hicieron 950 actas.<\/p>\n<p>Sin embargo, para desarrollar esta tarea que se extiende a lo largo de460.000 hect\u00e1reas, el SFA cuenta con 3 inspectores y dos camionetas con las que desempe\u00f1an todas las tareas institucionales.<\/p>\n<p>\u201cSi bien se produjo la incorporaci\u00f3n de una persona en el \u00e1rea de fiscalizaci\u00f3n durante el \u00faltimo a\u00f1o, el personal resulta insuficiente para cubrir eficientemente las tareas de control, 24 horas al d\u00eda y los 7 d\u00edas de la semana\u201d en una jurisdicci\u00f3n en la que viven unas 120.000 personas, expresa el informe.<\/p>\n<p>La informaci\u00f3n indica que comenzaron a realizarse acuerdos con fuerzas policiales como Gendarmer\u00eda Nacional y la Polic\u00eda de R\u00edo Negro, pero este accionar \u201cno est\u00e1 sistematizado en el tiempo\u201d por lo que queda sujeto a la disponibilidad de recursos de las distintas instituciones.<\/p>\n<h6>Fuente: ADN R\u00edo Negro<\/h6>\n","protected":false},"excerpt":{"rendered":"<p>En el marco del pedido de informes sobre el estado de los bosques y la tala ilegal en la Zona Andina, la Defensora del Pueblo de R\u00edo Negro, Nadina D\u00edaz, recibi\u00f3 respuesta de la Subsecretar\u00eda de Recursos Forestales que alerta sobre el impacto irreversible que tiene el crecimiento de la urbanizaci\u00f3n, principalmente en el oeste<\/p>\n","protected":false},"author":2,"featured_media":6792,"comment_status":"closed","ping_status":"closed","sticky":false,"template":"","format":"standard","meta":{"footnotes":""},"categories":[2],"tags":[11],"class_list":["post-6791","post","type-post","status-publish","format-standard","has-post-thumbnail","hentry","category-informe-municipal","tag-rio-negro"],"_links":{"self":[{"href":"http:\/\/argentinamunicipal.com.ar\/argentina\/wp-json\/wp\/v2\/posts\/6791","targetHints":{"allow":["GET"]}}],"collection":[{"href":"http:\/\/argentinamunicipal.com.ar\/argentina\/wp-json\/wp\/v2\/posts"}],"about":[{"href":"http:\/\/argentinamunicipal.com.ar\/argentina\/wp-json\/wp\/v2\/types\/post"}],"author":[{"embeddable":true,"href":"http:\/\/argentinamunicipal.com.ar\/argentina\/wp-json\/wp\/v2\/users\/2"}],"replies":[{"embeddable":true,"href":"http:\/\/argentinamunicipal.com.ar\/argentina\/wp-json\/wp\/v2\/comments?post=6791"}],"version-history":[{"count":0,"href":"http:\/\/argentinamunicipal.com.ar\/argentina\/wp-json\/wp\/v2\/posts\/6791\/revisions"}],"wp:featuredmedia":[{"embeddable":true,"href":"http:\/\/argentinamunicipal.com.ar\/argentina\/wp-json\/wp\/v2\/media\/6792"}],"wp:attachment":[{"href":"http:\/\/argentinamunicipal.com.ar\/argentina\/wp-json\/wp\/v2\/media?parent=6791"}],"wp:term":[{"taxonomy":"category","embeddable":true,"href":"http:\/\/argentinamunicipal.com.ar\/argentina\/wp-json\/wp\/v2\/categories?post=6791"},{"taxonomy":"post_tag","embeddable":true,"href":"http:\/\/argentinamunicipal.com.ar\/argentina\/wp-json\/wp\/v2\/tags?post=6791"}],"curies":[{"name":"wp","href":"https:\/\/api.w.org\/{rel}","templated":true}]}}