{"id":6794,"date":"2014-04-30T15:53:21","date_gmt":"2014-04-30T18:53:21","guid":{"rendered":"http:\/\/argentinamunicipal.com.ar\/argentina\/?p=6794"},"modified":"2014-04-30T15:53:21","modified_gmt":"2014-04-30T18:53:21","slug":"el-soyem-bariloche-rindio-un-emotivo-homenaje-a-los-empleados-municipales","status":"publish","type":"post","link":"http:\/\/argentinamunicipal.com.ar\/argentina\/el-soyem-bariloche-rindio-un-emotivo-homenaje-a-los-empleados-municipales\/","title":{"rendered":"El SOyEM Bariloche rindi\u00f3 un emotivo homenaje a los empleados municipales"},"content":{"rendered":"<div id=\"attachment_6795\" style=\"width: 670px\" class=\"wp-caption aligncenter\"><a href=\"http:\/\/argentinamunicipal.com.ar\/argentina\/wp-content\/uploads\/2014\/04\/big_65645fd9ae85909e6b50d2286941184437606582.jpg\"><img loading=\"lazy\" decoding=\"async\" aria-describedby=\"caption-attachment-6795\" class=\"size-full wp-image-6795\" src=\"http:\/\/argentinamunicipal.com.ar\/argentina\/wp-content\/uploads\/2014\/04\/big_65645fd9ae85909e6b50d2286941184437606582.jpg\" alt=\"En el marco del d\u00eda del trabajador, el sindicato rindi\u00f3 homenaje a los empleados municipales de Bariloche.\" width=\"660\" height=\"495\" srcset=\"http:\/\/argentinamunicipal.com.ar\/argentina\/wp-content\/uploads\/2014\/04\/big_65645fd9ae85909e6b50d2286941184437606582.jpg 660w, http:\/\/argentinamunicipal.com.ar\/argentina\/wp-content\/uploads\/2014\/04\/big_65645fd9ae85909e6b50d2286941184437606582-300x225.jpg 300w\" sizes=\"auto, (max-width: 660px) 100vw, 660px\" \/><\/a><p id=\"caption-attachment-6795\" class=\"wp-caption-text\">En el marco del d\u00eda del trabajador, el sindicato rindi\u00f3 homenaje a los empleados municipales de Bariloche.<\/p><\/div>\n<p>En el marco del d\u00eda del trabajador, el sindicato rindi\u00f3 homenaje a los empleados municipales de Bariloche.<\/p>\n<p>Los empleados municipales que se han destacado en el deporte fueron homenajeados por el SOyEM, adelantando la conmemoraci\u00f3n del D\u00eda del Trabajador. El emotivo acto se desarroll\u00f3 en la Casa del Deporte y cont\u00f3 con la presencia de una gran cantidad de trabajadores, funcionarios, representantes de organizaciones e instituciones locales, familiares y amigos.<\/p>\n<p>Bajo el lema \u00abPor la unidad de todos los trabajadores\u00bb, la Comisi\u00f3n Directiva del Sindicato de Obreros y Empleados Municipales (SOyEM) Bariloche organiz\u00f3 una muestra fotogr\u00e1fica y un sentido homenaje, con el fin de conmemorar el D\u00eda Internacional del Trabajador. Las actividades se desarrollaron en la Casa del Deporte, durante la ma\u00f1ana de hoy y la muestra tambi\u00e9n podr\u00e1 visitarse ma\u00f1ana mi\u00e9rcoles 30 de abril.<\/p>\n<p>La inauguraci\u00f3n oficial se realiz\u00f3 con las palabras de bienvenida del secretario adjunto del SOyEM, Juan Fuentes, y la secretaria de Actas y Acci\u00f3n Social del SOyEM, Brenda Morales, y \u00e9stas fueron dirigidas a los empleados municipales, funcionarios, representantes de instituciones y organizaciones locales, amigos y familiares que estaban presentes. En ese sentido, Fuentes destac\u00f3 que \u201cno es com\u00fan que los compa\u00f1eros sean homenajeados, aquellos que han practicado alg\u00fan deporte en el municipio, a los trabajadores en general. Pero, la recreaci\u00f3n, el deporte, son importantes y hay compa\u00f1eros que han dejado su huella en la municipalidad y en Bariloche han dejado mucho. Sabemos que el tiempo es tirano y no se los ha recordado como es debido.<\/p>\n<p>Respecto a lo que es netamente el trabajo estamos agradecidos al tener un trabajo y tuvimos compa\u00f1eros que han dejado su vida por el sindicato, defendiendo el trabajo\u201d. En ese punto, record\u00f3 a los compa\u00f1eros municipales como Graciela Bedini, Jos\u00e9 Luis L\u00e1zaro, Jorge P\u00e9rez, Guillermo Costa, entre otros, que \u201chicieron posible avanzar en lo pol\u00edtico y gremial\u201d.<\/p>\n<p>Tambi\u00e9n resalt\u00f3 el contexto en el que est\u00e1 inmerso el pa\u00eds y los avances en materia de los derechos de los trabajadores y mencion\u00f3: \u201choy nuestro pa\u00eds est\u00e1 viviendo una d\u00e9cada que Argentina no tiene que olvidar nunca. Nuestra presidenta anunci\u00f3 lo de las tarjetas para las trabajadoras dom\u00e9sticas y la regularizaci\u00f3n del trabajo de \u00e9stas\u201d.<\/p>\n<p>Con la idea de crear conciencia, los organizadores continuaron con la lectura del Protocolo Sindical ante casos de violencia de g\u00e9nero, la cual estuvo a cargo de la compa\u00f1era municipal y colaboradora, Sandra Qui\u00f1ehual.<\/p>\n<p>Luego, se llev\u00f3 adelante un homenaje a los compa\u00f1eros municipales que se destacaron en la historia del deporte. Para finalizar, el secretario general del SOyEM, Germ\u00e1n Gonz\u00e1lez, agradeci\u00f3 a \u201ctodos los presentes y a los compa\u00f1eros que hace m\u00e1s de 40 a\u00f1os que se hna venido destacando en el deporte\u201d. Por \u00faltimo, los integrantes de la Comisi\u00f3n Directiva del SOyEM compartieron un \u00e1gape con los presentes.<\/p>\n<h3>Reconocimiento a los destacados deportistas<\/h3>\n<p>Una de las colaboradoras del SOyEM, Gloria Guti\u00e9rrez, dio inicio al acto a trav\u00e9s del cual se les hizo un merecido reconocimiento a los empleados municipales que han sido destacados deportistas:<\/p>\n<h3>Juan Aranda<\/h3>\n<p>Ingres\u00f3 al Municipio de Bariloche en el a\u00f1o 1979, donde se desempe\u00f1\u00f3 en diferentes \u00e1reas: fue sereno en el Centro C\u00edvico, trabaj\u00f3 en saneamiento ambiental (Inspecci\u00f3n General), en Tr\u00e1nsito y Transporte fue jefe de se\u00f1alizaci\u00f3n. Se jubil\u00f3 hace tres a\u00f1os. Hace 14 a\u00f1os comenz\u00f3 compitiendo en bicicleta y particip\u00f3 en diferentes pruebas de esa disciplina, como en el Doble Arroyo La Escalera, donde obtuvo el 1\u00b0 lugar, en la categor\u00eda veterano B. Tambi\u00e9n particip\u00f3 de la marat\u00f3n de 24 horas que se realiz\u00f3 en la plaza Expedici\u00f3n al Desierto, con el objetivo de recaudar fondos para la construcci\u00f3n del vel\u00f3dromo municipal. En ese momento coment\u00f3 las razones por las que participaba de la iniciativa y dijo: \u201cA esto lo hacemos de coraz\u00f3n, como una forma de devolverle al ciclismo todo lo que nos dio durante toda la vida\u201d. Particip\u00f3 en el mini campeonato de ciclismo, organizado por la pe\u00f1a \u201cLos amigos del Pedal\u201d, en donde obtuvo tambi\u00e9n el primer lugar. En Neuqu\u00e9n, organizado por la pe\u00f1a \u201cLos amigos del Pedal\u201d, obtuvo el primer lugar en la categor\u00eda veteranos. En el t\u00edtulo de campe\u00f3n en especialidad de ruta, en el campeonato argentino Master 1997 realizado en el autodromo Juan Manuel Fangio, en la ciudad Balcarce (Buenos Aires) tambi\u00e9n obtuvo el primer lugar en la categor\u00eda \u201cC\u201d.<\/p>\n<h3>\nAlejandro Villanueva<\/h3>\n<p>Alejandro Villanueva es boxeador y comenz\u00f3 sus primeros pasos en el deporte en el Barrio Eva Per\u00f3n y hoy es un reconocido deportista que ha participado de diferentes Campeonatos locales y provinciales.<\/p>\n<h3>\nCarlos \u201cGambita\u201d Laciar<\/h3>\n<p>Naci\u00f3 en Bariloche, el 14 de abril de 1949. \u00c9l se inici\u00f3 en el duro oficio de los pu\u00f1os en Boca Junior. En 1970, el peque\u00f1o Gladiador debut\u00f3 como profesional ante el uruguayo Gilberto \u201cPich\u00f3n\u201d L\u00f3pez. Obtuvo importantes victorias en su rubro y fue reconocido internacionalmente. Jos\u00e9 Antonio Jalil en sus letras que dedic\u00f3 a Carlos Laciar \u201cKid Gambita\u201d destac\u00f3 que \u201clos j\u00f3venes de hoy tienen un espejo donde mirarse, un ejemplo que imitar. El de Carlos Laciar, que todo lo hizo merced a un esp\u00edritu de sacrificio que no supo de claudicaciones. El de Gambita que recuerda a Esteban Roa como el amigo que el boxeo le dej\u00f3\u201d.<\/p>\n<h3>Abel Silva<\/h3>\n<p>Comenz\u00f3 a competir en atletismo el 7 de marzo del a\u00f1o 1973, y particip\u00f3 en carreras de calle y colabor\u00f3 con la asociaci\u00f3n. Abel coment\u00f3 que su motivaci\u00f3n \u201ccomenz\u00f3 al querer cambiar mis h\u00e1bitos de vida, cambi\u00e9 el alcohol por un deporte, para m\u00ed y mi familia. Particip\u00e9 de campeonatos sudamericanos, campeonatos Nacionales en Mar del Plata, Rosario, Punta del Este, Uruguay, Monte video\u201d. Adem\u00e1s cont\u00f3 que se coron\u00f3 subcampe\u00f3n a los 60 a\u00f1os, luego de correr 42 kil\u00f3metros en la provincia de Chubut.<\/p>\n<p>Todos los a\u00f1os particip\u00f3 de las carreras que se realizaron en la ciudad: la Marat\u00f3n Virgen de las Nieves, la Corrida de Reyes, la Carrera de Miguel, entre otras. \u00c9l explic\u00f3 que lo que m\u00e1s le gratifico fue que \u201cen los recorridos conoc\u00ed ciudades y amigos de diferentes lugares. Estuve dos a\u00f1os ternado en la Cena del Deporte, por los reconocimientos anuales, pero una mano negra me lo impidi\u00f3, seg\u00fan los papeles de las ternas se perdieron\u201d y agreg\u00f3: \u201cS\u00e9 que mi familia se siente orgullosa de lo que realizo, porque es algo que me gusta y me hace bien. Yo a\u00fan con mis 67 a\u00f1os contin\u00fao participando\u201d.<\/p>\n<h3>Mart\u00edn Ricardo<\/h3>\n<p>Desempe\u00f1a sus tareas en el Corral\u00f3n Municipal y, desde hace varios a\u00f1os, practica atletismo y ha participado en diferentes eventos locales y provinciales. A diario corre desde su casa, haciendo lo que m\u00e1s le gusta. \u00c9l coment\u00f3 que para \u00e9l es \u201cuna satisfacci\u00f3n correr, me llena el alma y el coraz\u00f3n\u201d.<\/p>\n<h3>Hugo Reinahuel<\/h3>\n<p>Se destac\u00f3 en atletismo, obteniendo victorias, como por ejemplo, la Marat\u00f3n de Bariloche en su 91\u00b0 aniversario, donde consigui\u00f3 el primer lugar. En esa oportunidad represent\u00f3 al SOYEM. Viaj\u00f3 en representaci\u00f3n de los barilochenses a la prueba del 41\u00b0 Aniversario de la ciudad de Senillosa, donde consigui\u00f3 el segundo puesto. En esa oportunidad, particip\u00f3 junto a dos compa\u00f1eros m\u00e1s: Jos\u00e9 Peralta y Miguel Gonz\u00e1lez.<\/p>\n<h3>Miguel Peralta<\/h3>\n<p>Ingres\u00f3 a la municipalidad en el a\u00f1o 1985, y trabaj\u00f3 en diferentes \u00e1reas. El 8 de enero de 1986, pas\u00f3 a formar parte de la subcomisi\u00f3n de Deportes del SOyEM, y particip\u00f3 de las olimpiadas intermunicipales provinciales en el Alto Valle, la cual finaliz\u00f3 en Allen. Es importante destacar su participaci\u00f3n de 6 a\u00f1os consecutivos en la Subcomisi\u00f3n de Deporte del SOyEM.<\/p>\n<h3>Miguel L\u00f3pez<\/h3>\n<p>Ingres\u00f3 a la Municipalidad en el a\u00f1o 1992, y estuvo en diferentes \u00e1reas. En 1993, fue convocado para trabajar con las divisiones inferiores del Club SOyEM, el cual participaba en la Liga de F\u00fatbol Infantil. El club impuls\u00f3 la formaci\u00f3n de cinco categor\u00edas, \u201ccon muy buenos resultados\u201d, detall\u00f3 L\u00f3pez. Fue t\u00e9cnico nacional de f\u00fatbol hasta el a\u00f1o 1998, y ese mismo, el Club SOyEM pas\u00f3 a denominarse Club Deportivo Municipal. Desde entonces y hasta la actualidad, ha participado en distintas actividades, organizando diferentes eventos deportivos, como por ejemplo, torneos de f\u00fatbol de sal\u00f3n para los compa\u00f1eros municipales.<\/p>\n<h3>Ra\u00fal Asencio<\/h3>\n<p>La relaci\u00f3n con el SOyEM comenz\u00f3 en 1980, cuando integr\u00f3 distintas comisiones deportivas, organizando actividades, acompa\u00f1ando a los hijos de empleados a distintos balnearios de la provincia. Durante tres temporadas fue instructor de esqu\u00ed de los hijos de los compa\u00f1eros, dirigi\u00f3 y arm\u00f3 dos equipos profesionales de V\u00f3ley, el cual estuvo integrado por empleados municipales y que compitieron en la localidad, llegando a instancias provinciales. Particip\u00f3 en la comisi\u00f3n que comenz\u00f3 a gestar el Gimnasio SOyEM y contribuy\u00f3 a la organizaci\u00f3n de las olimpiadas del Sindicato.<\/p>\n<p>Por \u00faltimo, se le hizo entrega de un presente a los siguientes equipos: el equipo Mitre, por el Campeonato Torneo Inter\u00e1rea 2013, al equipo de Tr\u00e1nsito y Transporte, al equipo veteranos SOyEM 2013, al equipo Deportivo Sacapuntas y al equipo Deportivo Femenino SOyEM. Cada uno de los equipos recibi\u00f3 una pelota de f\u00fatbol.<\/p>\n<h6>Fuente: Bariloche 2000<\/h6>\n","protected":false},"excerpt":{"rendered":"<p>En el marco del d\u00eda del trabajador, el sindicato rindi\u00f3 homenaje a los empleados municipales de Bariloche. Los empleados municipales que se han destacado en el deporte fueron homenajeados por el SOyEM, adelantando la conmemoraci\u00f3n del D\u00eda del Trabajador. El emotivo acto se desarroll\u00f3 en la Casa del Deporte y cont\u00f3 con la presencia de<\/p>\n","protected":false},"author":2,"featured_media":6795,"comment_status":"closed","ping_status":"closed","sticky":false,"template":"","format":"standard","meta":{"footnotes":""},"categories":[7],"tags":[11],"class_list":["post-6794","post","type-post","status-publish","format-standard","has-post-thumbnail","hentry","category-informe-sindical","tag-rio-negro"],"_links":{"self":[{"href":"http:\/\/argentinamunicipal.com.ar\/argentina\/wp-json\/wp\/v2\/posts\/6794","targetHints":{"allow":["GET"]}}],"collection":[{"href":"http:\/\/argentinamunicipal.com.ar\/argentina\/wp-json\/wp\/v2\/posts"}],"about":[{"href":"http:\/\/argentinamunicipal.com.ar\/argentina\/wp-json\/wp\/v2\/types\/post"}],"author":[{"embeddable":true,"href":"http:\/\/argentinamunicipal.com.ar\/argentina\/wp-json\/wp\/v2\/users\/2"}],"replies":[{"embeddable":true,"href":"http:\/\/argentinamunicipal.com.ar\/argentina\/wp-json\/wp\/v2\/comments?post=6794"}],"version-history":[{"count":0,"href":"http:\/\/argentinamunicipal.com.ar\/argentina\/wp-json\/wp\/v2\/posts\/6794\/revisions"}],"wp:featuredmedia":[{"embeddable":true,"href":"http:\/\/argentinamunicipal.com.ar\/argentina\/wp-json\/wp\/v2\/media\/6795"}],"wp:attachment":[{"href":"http:\/\/argentinamunicipal.com.ar\/argentina\/wp-json\/wp\/v2\/media?parent=6794"}],"wp:term":[{"taxonomy":"category","embeddable":true,"href":"http:\/\/argentinamunicipal.com.ar\/argentina\/wp-json\/wp\/v2\/categories?post=6794"},{"taxonomy":"post_tag","embeddable":true,"href":"http:\/\/argentinamunicipal.com.ar\/argentina\/wp-json\/wp\/v2\/tags?post=6794"}],"curies":[{"name":"wp","href":"https:\/\/api.w.org\/{rel}","templated":true}]}}